{"id":4678,"date":"2023-03-11T15:45:03","date_gmt":"2023-03-11T15:45:03","guid":{"rendered":"https:\/\/ladepeche.mr\/?p=4678"},"modified":"2023-03-11T16:36:25","modified_gmt":"2023-03-11T16:36:25","slug":"securite-trois-des-quatre-salafistes-en-fuite-morts-dans-un-accrochage-avec-les-services-de-securite","status":"publish","type":"post","link":"https:\/\/ladepeche.mr\/?p=4678","title":{"rendered":"S\u00e9curit\u00e9 : trois des quatre salafistes en fuite morts dans un accrochage avec les services de s\u00e9curit\u00e9"},"content":{"rendered":"<p>Selon plusieurs t\u00e9moignages concordants, les autorit\u00e9s s\u00e9curitaires auraient retrouv\u00e9 et tu\u00e9 trois des quatre terroristes en fuite depuis dimanche dernier.<br \/>\nLes salafistes auraient \u00e9t\u00e9 identifi\u00e9s par des t\u00e9moins \u00e0 bord d\u2019un v\u00e9hicule suspicieux non loin de la moughtaa d\u2019Aoujeft dans l\u2019Adrar.<br \/>\nLes quatre pr\u00e9sum\u00e9s terroristes auraient \u00e9t\u00e9 pris entre les feux d\u2019unit\u00e9 \u00e0 terre et d\u2019un avion de l\u2019arm\u00e9e nationale.<br \/>\nTrois terroristes auraient trouv\u00e9 la mort, selon un bilan de cette op\u00e9ration alors qu\u2019un quatri\u00e8me se serait rendu. On \u00e9voque \u00e9galement, un gendarme gri\u00e8vement bless\u00e9 parmi les \u00e9l\u00e9ments de l\u2019unit\u00e9 de s\u00e9curit\u00e9 \u00e0 terre.<br \/>\nDe l\u2019avis d\u2019habitants d\u2019une localit\u00e9, non loin, du lieu de l\u2019accrochage, les habitants auraient entendu le cr\u00e9pitement d\u2019un \u00e9change nourris d\u2019armes.<br \/>\nLes terroristes qui \u00e9taient en prison avaient, rappelle-t-on, fuit \u00e0 l\u2019issue de la mutinerie dans la prison civile de Nouakchott o\u00f9 ils avaient tu\u00e9 deux \u00e9l\u00e9ments de la garde nationale en faction sur les lieux.<\/p>\n","protected":false},"excerpt":{"rendered":"<p>Selon plusieurs t\u00e9moignages concordants, les autorit\u00e9s s\u00e9curitaires auraient retrouv\u00e9 et tu\u00e9 trois des quatre terroristes en fuite depuis dimanche dernier. Les salafistes auraient \u00e9t\u00e9 identifi\u00e9s par des t\u00e9moins \u00e0 bord d\u2019un v\u00e9hicule suspicieux non loin de la moughtaa d\u2019Aoujeft dans l\u2019Adrar. Les quatre pr\u00e9sum\u00e9s terroristes auraient \u00e9t\u00e9 pris entre les feux d\u2019unit\u00e9 \u00e0 terre et &hellip;<\/p>\n","protected":false},"author":2,"featured_media":4576,"comment_status":"open","ping_status":"open","sticky":false,"template":"","format":"standard","meta":{"footnotes":""},"categories":[18],"tags":[],"class_list":["post-4678","post","type-post","status-publish","format-standard","has-post-thumbnail","hentry","category-actualites"],"_links":{"self":[{"href":"https:\/\/ladepeche.mr\/index.php?rest_route=\/wp\/v2\/posts\/4678","targetHints":{"allow":["GET"]}}],"collection":[{"href":"https:\/\/ladepeche.mr\/index.php?rest_route=\/wp\/v2\/posts"}],"about":[{"href":"https:\/\/ladepeche.mr\/index.php?rest_route=\/wp\/v2\/types\/post"}],"author":[{"embeddable":true,"href":"https:\/\/ladepeche.mr\/index.php?rest_route=\/wp\/v2\/users\/2"}],"replies":[{"embeddable":true,"href":"https:\/\/ladepeche.mr\/index.php?rest_route=%2Fwp%2Fv2%2Fcomments&post=4678"}],"version-history":[{"count":3,"href":"https:\/\/ladepeche.mr\/index.php?rest_route=\/wp\/v2\/posts\/4678\/revisions"}],"predecessor-version":[{"id":4687,"href":"https:\/\/ladepeche.mr\/index.php?rest_route=\/wp\/v2\/posts\/4678\/revisions\/4687"}],"wp:featuredmedia":[{"embeddable":true,"href":"https:\/\/ladepeche.mr\/index.php?rest_route=\/wp\/v2\/media\/4576"}],"wp:attachment":[{"href":"https:\/\/ladepeche.mr\/index.php?rest_route=%2Fwp%2Fv2%2Fmedia&parent=4678"}],"wp:term":[{"taxonomy":"category","embeddable":true,"href":"https:\/\/ladepeche.mr\/index.php?rest_route=%2Fwp%2Fv2%2Fcategories&post=4678"},{"taxonomy":"post_tag","embeddable":true,"href":"https:\/\/ladepeche.mr\/index.php?rest_route=%2Fwp%2Fv2%2Ftags&post=4678"}],"curies":[{"name":"wp","href":"https:\/\/api.w.org\/{rel}","templated":true}]}}