{"id":4680,"date":"2023-03-11T16:00:02","date_gmt":"2023-03-11T16:00:02","guid":{"rendered":"https:\/\/ladepeche.mr\/?p=4680"},"modified":"2023-03-11T16:00:02","modified_gmt":"2023-03-11T16:00:02","slug":"mali-le-referendum-constitutionnel-est-reporte","status":"publish","type":"post","link":"https:\/\/ladepeche.mr\/?p=4680","title":{"rendered":"Mali: le r\u00e9f\u00e9rendum constitutionnel est report\u00e9"},"content":{"rendered":"<p>Au Mali, le r\u00e9f\u00e9rendum constitutionnel pr\u00e9vu le 19 mars prochain est report\u00e9. Il s&#8217;agit d&#8217;un \u00ab l\u00e9ger report \u00bb pr\u00e9cise le porte-parole du gouvernement de transition qui l&#8217;a annonc\u00e9 ce vendredi 10 mars. On ne sait pas encore quand se tiendra le scrutin, mais le gouvernement assure que la date de la fin de la transition fix\u00e9e \u00e0 f\u00e9vrier 2024, dans un peu moins d&#8217;un an, sera respect\u00e9e.<br \/>\n\u00ab Ce report se justifie par la ferme volont\u00e9 des autorit\u00e9s de la transition d&#8217;appliquer les recommandations des assises nationales de la refondation, notamment la pleine op\u00e9rationnalisation de l&#8217;autorit\u00e9 ind\u00e9pendante de gestion des \u00e9lections \u00e0 travers l&#8217;installation de ces d\u00e9membrements dans les plus brefs d\u00e9lais ainsi que la vulgarisation du projet de Constitution \u00bb, a d\u00e9clar\u00e9 le colonel Abdoulaye Ma\u00efga, porte-parole du gouvernement. <\/p>\n<p>\u00ab La nouvelle date du r\u00e9f\u00e9rendum sera fix\u00e9e apr\u00e8s concertation avec l&#8217;autorit\u00e9 ind\u00e9pendante de gestion des \u00e9lections et l&#8217;ensemble des acteurs du processus \u00e9lectoral \u00bb, a ajout\u00e9 le colonel Abdoulaye Ma\u00efga. <\/p>\n<p>\u00ab Le gouvernement rassure l&#8217;opinion nationale et internationale que le retour \u00e0 l&#8217;ordre constitutionnel apr\u00e8s avoir men\u00e9 les r\u00e9formes n\u00e9cessaires demeure l&#8217;une de ses priorit\u00e9s absolues et bien entendu, la date butoir reste la date que nous avons pu en tout cas n\u00e9gocier avec la C\u00e9d\u00e9ao. Le chef de l&#8217;\u00c9tat tient fermement au respect de cette date \u00bb, souligne le porte-parole du gouvernement.<br \/>\nLire la suite sur: https:\/\/www.rfi.fr\/fr\/afrique\/20230310-mali-le-r%C3%A9f%C3%A9rendum-constitutionnel-est-report%C3%A9?_ope=eyJndWlkIjoiOTMwMjIwNGY3ZmZhNzMxODU0NDI3OTA1ZjdiOTc4NGUifQ%3D%3D<\/p>\n","protected":false},"excerpt":{"rendered":"<p>Au Mali, le r\u00e9f\u00e9rendum constitutionnel pr\u00e9vu le 19 mars prochain est report\u00e9. Il s&#8217;agit d&#8217;un \u00ab l\u00e9ger report \u00bb pr\u00e9cise le porte-parole du gouvernement de transition qui l&#8217;a annonc\u00e9 ce vendredi 10 mars. On ne sait pas encore quand se tiendra le scrutin, mais le gouvernement assure que la date de la fin de la &hellip;<\/p>\n","protected":false},"author":2,"featured_media":4681,"comment_status":"open","ping_status":"open","sticky":false,"template":"","format":"standard","meta":{"footnotes":""},"categories":[29,28],"tags":[],"class_list":["post-4680","post","type-post","status-publish","format-standard","has-post-thumbnail","hentry","category-monde","category-sahel"],"_links":{"self":[{"href":"https:\/\/ladepeche.mr\/index.php?rest_route=\/wp\/v2\/posts\/4680","targetHints":{"allow":["GET"]}}],"collection":[{"href":"https:\/\/ladepeche.mr\/index.php?rest_route=\/wp\/v2\/posts"}],"about":[{"href":"https:\/\/ladepeche.mr\/index.php?rest_route=\/wp\/v2\/types\/post"}],"author":[{"embeddable":true,"href":"https:\/\/ladepeche.mr\/index.php?rest_route=\/wp\/v2\/users\/2"}],"replies":[{"embeddable":true,"href":"https:\/\/ladepeche.mr\/index.php?rest_route=%2Fwp%2Fv2%2Fcomments&post=4680"}],"version-history":[{"count":1,"href":"https:\/\/ladepeche.mr\/index.php?rest_route=\/wp\/v2\/posts\/4680\/revisions"}],"predecessor-version":[{"id":4682,"href":"https:\/\/ladepeche.mr\/index.php?rest_route=\/wp\/v2\/posts\/4680\/revisions\/4682"}],"wp:featuredmedia":[{"embeddable":true,"href":"https:\/\/ladepeche.mr\/index.php?rest_route=\/wp\/v2\/media\/4681"}],"wp:attachment":[{"href":"https:\/\/ladepeche.mr\/index.php?rest_route=%2Fwp%2Fv2%2Fmedia&parent=4680"}],"wp:term":[{"taxonomy":"category","embeddable":true,"href":"https:\/\/ladepeche.mr\/index.php?rest_route=%2Fwp%2Fv2%2Fcategories&post=4680"},{"taxonomy":"post_tag","embeddable":true,"href":"https:\/\/ladepeche.mr\/index.php?rest_route=%2Fwp%2Fv2%2Ftags&post=4680"}],"curies":[{"name":"wp","href":"https:\/\/api.w.org\/{rel}","templated":true}]}}