{"id":4688,"date":"2023-03-11T17:15:56","date_gmt":"2023-03-11T17:15:56","guid":{"rendered":"https:\/\/ladepeche.mr\/?p=4688"},"modified":"2023-03-11T17:15:56","modified_gmt":"2023-03-11T17:15:56","slug":"fugitifs-abattus-en-adrar-fin-de-cavale-pour-les-terroristes-communique-officiel","status":"publish","type":"post","link":"https:\/\/ladepeche.mr\/?p=4688","title":{"rendered":"Fugitifs abattus en Adrar: fin de cavale pour les terroristes (communiqu\u00e9 officiel)"},"content":{"rendered":"<p>Les minist\u00e8res de la D\u00e9fense et de l&#8217;Int\u00e9rieur ont annonc\u00e9 dans un communiqu\u00e9 conjoint la mort de trois terroristes, l&#8217;arrestation du quatri\u00e8me et le martyre d&#8217;un gendarme, lors de l\u2019op\u00e9ration men\u00e9e samedi pour arr\u00eater la cavale des salafistes fugitifs.<br \/>\nLes autorit\u00e9s confirment \u00e9galement le d\u00e9roulement de l\u2019op\u00e9ration, apr\u00e8s une coordination r\u00e9ussie des forces \u00e0 terre et de l\u2019air, dans la r\u00e9gion de l\u2019Adrar o\u00f9 les salafistes sont parvenus \u00e0 se retirer depuis leur \u00e9vasion de la prison civile de Nouakchott.<br \/>\nLe communiqu\u00e9 confirme aussi l\u2019entr\u00e9e en jeu dans cette op\u00e9ration d\u2019unit\u00e9s terrestres et d\u2019unit\u00e9s de gendarmerie sp\u00e9cialis\u00e9es dans la lutte contre le terrorisme.<br \/>\nLe communiqu\u00e9 du conseil loue enfin le professionnalisme des forces arm\u00e9es et de s\u00e9curit\u00e9 dans la traque et la gestion sur le terrain de l\u2019op\u00e9ration.<br \/>\nLe pays \u00e9tait en alerte depuis une semaine pour retrouver les fugitifs, parvenus \u00e0 sortir de Nouakchott, et qui, en apparences, \u00e9taient arm\u00e9s jusqu&#8217;aux dents.<br \/>\nNotons que le bilan de cette \u00e9vasion reste lourd en vies humaines avec trois de nos vaillants soldats morts et deux autres bless\u00e9s contre trois terroristes abattus.<br \/>\nA ne pas douter, enfin, que des enqu\u00eates doivent \u00eatre men\u00e9es pour d\u00e9terminer les failles dans la s\u00e9curit\u00e9 de la prison et les \u00e9ventuelles complicit\u00e9s dont auraient pu b\u00e9n\u00e9ficier les terroristes pour s&#8217;exfiltrer de Noaukchott et d\u00e9tenir tout cet arsenal entre leurs mains.<\/p>\n","protected":false},"excerpt":{"rendered":"<p>Les minist\u00e8res de la D\u00e9fense et de l&#8217;Int\u00e9rieur ont annonc\u00e9 dans un communiqu\u00e9 conjoint la mort de trois terroristes, l&#8217;arrestation du quatri\u00e8me et le martyre d&#8217;un gendarme, lors de l\u2019op\u00e9ration men\u00e9e samedi pour arr\u00eater la cavale des salafistes fugitifs. Les autorit\u00e9s confirment \u00e9galement le d\u00e9roulement de l\u2019op\u00e9ration, apr\u00e8s une coordination r\u00e9ussie des forces \u00e0 terre &hellip;<\/p>\n","protected":false},"author":2,"featured_media":4689,"comment_status":"open","ping_status":"open","sticky":false,"template":"","format":"standard","meta":{"footnotes":""},"categories":[18],"tags":[],"class_list":["post-4688","post","type-post","status-publish","format-standard","has-post-thumbnail","hentry","category-actualites"],"_links":{"self":[{"href":"https:\/\/ladepeche.mr\/index.php?rest_route=\/wp\/v2\/posts\/4688","targetHints":{"allow":["GET"]}}],"collection":[{"href":"https:\/\/ladepeche.mr\/index.php?rest_route=\/wp\/v2\/posts"}],"about":[{"href":"https:\/\/ladepeche.mr\/index.php?rest_route=\/wp\/v2\/types\/post"}],"author":[{"embeddable":true,"href":"https:\/\/ladepeche.mr\/index.php?rest_route=\/wp\/v2\/users\/2"}],"replies":[{"embeddable":true,"href":"https:\/\/ladepeche.mr\/index.php?rest_route=%2Fwp%2Fv2%2Fcomments&post=4688"}],"version-history":[{"count":1,"href":"https:\/\/ladepeche.mr\/index.php?rest_route=\/wp\/v2\/posts\/4688\/revisions"}],"predecessor-version":[{"id":4690,"href":"https:\/\/ladepeche.mr\/index.php?rest_route=\/wp\/v2\/posts\/4688\/revisions\/4690"}],"wp:featuredmedia":[{"embeddable":true,"href":"https:\/\/ladepeche.mr\/index.php?rest_route=\/wp\/v2\/media\/4689"}],"wp:attachment":[{"href":"https:\/\/ladepeche.mr\/index.php?rest_route=%2Fwp%2Fv2%2Fmedia&parent=4688"}],"wp:term":[{"taxonomy":"category","embeddable":true,"href":"https:\/\/ladepeche.mr\/index.php?rest_route=%2Fwp%2Fv2%2Fcategories&post=4688"},{"taxonomy":"post_tag","embeddable":true,"href":"https:\/\/ladepeche.mr\/index.php?rest_route=%2Fwp%2Fv2%2Ftags&post=4688"}],"curies":[{"name":"wp","href":"https:\/\/api.w.org\/{rel}","templated":true}]}}