{"id":4705,"date":"2023-03-12T21:01:50","date_gmt":"2023-03-12T21:01:50","guid":{"rendered":"https:\/\/ladepeche.mr\/?p=4705"},"modified":"2023-03-13T15:35:57","modified_gmt":"2023-03-13T15:35:57","slug":"mauritanie-senegal-les-licences-de-peche-senegalaises-font-des-remous","status":"publish","type":"post","link":"https:\/\/ladepeche.mr\/?p=4705","title":{"rendered":"Mauritanie-S\u00e9n\u00e9gal : Les licences de p\u00eache s\u00e9n\u00e9galaises font des remous !"},"content":{"rendered":"<p>Les p\u00eacheurs artisans mauritaniens commencent \u00e0 hausser le ton au moment o\u00f9 ils ont ou\u00ef-dire que les gouvernements mauritanien et s\u00e9n\u00e9galais auraient engag\u00e9 un premier round de ren\u00e9gociation de leur dernier accord de p\u00eache. Un accord \u00ab pr\u00e9f\u00e9rentiel \u00bb qui permet aux p\u00eacheurs s\u00e9n\u00e9galais, de faire face \u00e0 la raret\u00e9 du poisson dans leurs eaux, gr\u00e2ce \u00e0 400 licences de p\u00eache qui leur sont allou\u00e9es par les autorit\u00e9s mauritaniennes.<\/p>\n<p>En effet, alors que le dernier accord de p\u00eache entre la Mauritanie et le S\u00e9n\u00e9gal devrait venir \u00e0 termes en juillet prochain, les p\u00eacheurs artisans mauritaniens crient \u00e0 tue-t\u00eate qu\u2019un tel accord gruge l\u2019armement national artisanal d\u2019une ressource nationale de plus en plus rare et que leurs concurrents s\u00e9n\u00e9galais capturent bon march\u00e9. \u00abIl est temps de mettre fin \u00e0 cet accord pr\u00e9f\u00e9rentiel \u00bb proteste un acteur de la p\u00eache artisanale mauritanienne estimant que l\u2019Etat mauritanien devrait se pr\u00e9occuper beaucoup plus de ses ressortissants que de \u00abbrader \u00bb une ressource que les s\u00e9n\u00e9galais ne consomment pas mais utilisent dans leurs exportations vers l\u2019\u00e9tranger quand ils ne la font pas broyer en farine de poisson. Le pr\u00e9c\u00e9dent accord permettait aux 400 embarcations s\u00e9n\u00e9galaises de capturer 50 milles tonnes de petits p\u00e9lagiques tr\u00e8s usit\u00e9s sur le march\u00e9 local pour la consommation humaine. Un quota que des p\u00eacheurs artisans mauritaniens trouvent excessif.<br \/>\nLa relation mauritano-s\u00e9n\u00e9galaise d\u00e9passe pourtant les contingences sectorielles. Il est difficile notamment en raison des relations \u00e9troites entre les deux pays et les deux gouvernements que la situation change. M\u00eame les protestataires mauritaniens se doutent de la gaine politique strat\u00e9gique qui enveloppe les \u00e9changes entre les deux pays et qui viennent de donner un exemple de coop\u00e9ration mutuellement avantageuse par l\u2019aboutissement de l\u2019exploitation commune du gisement de Grand Tortue\/Ahmeyim. M\u00eame s\u2019ils n\u2019appellent pas \u00e0 finir en queue de poisson cet accord, les p\u00eacheurs mauritaniens souhaitent un accord plus \u00e9quitable en termes de ristournes pour les op\u00e9rateurs mauritaniens. L\u2019esprit est sans doute \u00e0 la coh\u00e9sion bien plus qu\u2019au tiraillement. Mais, par contre, il faut que les p\u00eacheurs s\u00e9n\u00e9galais -notamment ceux de Guet N\u2019Dar- cessent de faire du chantage \u00e0 leur gouvernement sur une ressource qui ne lui appartient pas ou de pousser les garde-c\u00f4tes mauritaniens sur les nerfs, en refusant d\u2019obtemp\u00e9rer aux injonctions apr\u00e8s violations de la fronti\u00e8re maritime, comme ce fut le cas en janvier 2018, avec la mort de feu-Falou Sall. Un incident qui avait \u00e9t\u00e9 instrumentalis\u00e9 pour s\u2019attaquer aux commerces mauritaniens \u00e9tablis au S\u00e9n\u00e9gal. Certains observateurs y avaient vu la main de l\u2019opposition Dakaroise. Gageons que ces accords feront aussi partie de la campagne politique au S\u00e9n\u00e9gal en vue de l\u2019\u00e9lection du futur pr\u00e9sident en f\u00e9vrier 2024. Une \u00e9lection \u00e0 laquelle le pr\u00e9sident sortant Macky Sall devrait prendre part et dont les chances, sans pr\u00e9juger de celles de ses opposants, restent intactes pour la gagner, en raison d\u2019un bilan largement positif pour le S\u00e9n\u00e9gal.<br \/>\nMais il demeure n\u00e9cessaire, pour la partie mauritanienne, \u00e0 la lumi\u00e8re d\u2019une premi\u00e8re mission de contact pour le renouvellement de cet accord que les autorit\u00e9s nationales prennent aussi le pool des acteurs et op\u00e9rateurs nationaux du secteur afin de donner les gages qu\u2019aucun deal ne se fera \u00e0 leur d\u00e9triment.<br \/>\nJD<br \/>\nredaction@ladepeche.mr<\/p>\n","protected":false},"excerpt":{"rendered":"<p>Les p\u00eacheurs artisans mauritaniens commencent \u00e0 hausser le ton au moment o\u00f9 ils ont ou\u00ef-dire que les gouvernements mauritanien et s\u00e9n\u00e9galais auraient engag\u00e9 un premier round de ren\u00e9gociation de leur dernier accord de p\u00eache. Un accord \u00ab pr\u00e9f\u00e9rentiel \u00bb qui permet aux p\u00eacheurs s\u00e9n\u00e9galais, de faire face \u00e0 la raret\u00e9 du poisson dans leurs eaux, &hellip;<\/p>\n","protected":false},"author":2,"featured_media":4707,"comment_status":"open","ping_status":"open","sticky":false,"template":"","format":"standard","meta":{"footnotes":""},"categories":[18,2],"tags":[],"class_list":["post-4705","post","type-post","status-publish","format-standard","has-post-thumbnail","hentry","category-actualites","category-economie"],"_links":{"self":[{"href":"https:\/\/ladepeche.mr\/index.php?rest_route=\/wp\/v2\/posts\/4705","targetHints":{"allow":["GET"]}}],"collection":[{"href":"https:\/\/ladepeche.mr\/index.php?rest_route=\/wp\/v2\/posts"}],"about":[{"href":"https:\/\/ladepeche.mr\/index.php?rest_route=\/wp\/v2\/types\/post"}],"author":[{"embeddable":true,"href":"https:\/\/ladepeche.mr\/index.php?rest_route=\/wp\/v2\/users\/2"}],"replies":[{"embeddable":true,"href":"https:\/\/ladepeche.mr\/index.php?rest_route=%2Fwp%2Fv2%2Fcomments&post=4705"}],"version-history":[{"count":4,"href":"https:\/\/ladepeche.mr\/index.php?rest_route=\/wp\/v2\/posts\/4705\/revisions"}],"predecessor-version":[{"id":4730,"href":"https:\/\/ladepeche.mr\/index.php?rest_route=\/wp\/v2\/posts\/4705\/revisions\/4730"}],"wp:featuredmedia":[{"embeddable":true,"href":"https:\/\/ladepeche.mr\/index.php?rest_route=\/wp\/v2\/media\/4707"}],"wp:attachment":[{"href":"https:\/\/ladepeche.mr\/index.php?rest_route=%2Fwp%2Fv2%2Fmedia&parent=4705"}],"wp:term":[{"taxonomy":"category","embeddable":true,"href":"https:\/\/ladepeche.mr\/index.php?rest_route=%2Fwp%2Fv2%2Fcategories&post=4705"},{"taxonomy":"post_tag","embeddable":true,"href":"https:\/\/ladepeche.mr\/index.php?rest_route=%2Fwp%2Fv2%2Ftags&post=4705"}],"curies":[{"name":"wp","href":"https:\/\/api.w.org\/{rel}","templated":true}]}}