{"id":4714,"date":"2023-03-12T21:54:58","date_gmt":"2023-03-12T21:54:58","guid":{"rendered":"https:\/\/ladepeche.mr\/?p=4714"},"modified":"2023-03-12T21:54:58","modified_gmt":"2023-03-12T21:54:58","slug":"capture-des-quatre-terroristes-le-president-ghazouani-felicite-les-forces-armees-et-de-securite","status":"publish","type":"post","link":"https:\/\/ladepeche.mr\/?p=4714","title":{"rendered":"Capture des quatre terroristes : le pr\u00e9sident Ghazouani f\u00e9licite les forces arm\u00e9es et de s\u00e9curit\u00e9"},"content":{"rendered":"<p>Le pr\u00e9sident de la R\u00e9publique, Mohamed Cheikh El Ghazouani, a f\u00e9licit\u00e9 dimanche 12 mars les forces de d\u00e9fense et de s\u00e9curit\u00e9 pour leur implication dans la capture des quatre terroristes qui s\u2019\u00e9taient \u00e9vad\u00e9s de prison.<\/p>\n<p>Les autorit\u00e9s mauritaniennes avaient annonc\u00e9 samedi avoir tu\u00e9 trois djihadistes \u00e9chapp\u00e9s de prison cinq jours plus t\u00f4t. Dont Saleck Ould Cheikh Mohamedou, r\u00e9put\u00e9 particuli\u00e8rement dangereux. Un quatri\u00e8me djihadiste a \u00e9t\u00e9 captur\u00e9 vivant, ont indiqu\u00e9 les minist\u00e8res de la D\u00e9fense et de l&#8217;Int\u00e9rieur dans un communiqu\u00e9.<\/p>\n<p>Un gendarme a \u00e9t\u00e9 tu\u00e9 dans l&#8217;op\u00e9ration qui a eu lieu dans la r\u00e9gion de l&#8217;Adrar (Nord), \u00e0 des centaines de kilom\u00e8tres \u00e0 travers le d\u00e9sert et plusieurs heures de voiture de Nouakchott, o\u00f9 les quatre djihadistes s&#8217;\u00e9taient \u00e9vad\u00e9s dimanche dernier. Deux gardes avaient \u00e9t\u00e9 tu\u00e9s lors de l&#8217;\u00e9vasion.<\/p>\n<p>A la mosqu\u00e9e Ibn Abass, une pri\u00e8re fun\u00e9raire a \u00e9t\u00e9 organis\u00e9e, ce dimanche, \u00e0 la m\u00e9moire du gendarme, Moustapha Ould El Khadir, tu\u00e9 ce samedi 11 mars, lors de la capture des quatre terroristes qui s\u2019\u00e9taient \u00e9vad\u00e9s de prison, le 5 mars dernier.<\/p>\n<p>Le pr\u00e9sident Ghazouani a pr\u00e9sent\u00e9 ses condol\u00e9ances \u00e0 sa famille.<\/p>\n<p>Par La r\u00e9daction de Cridem<\/p>\n","protected":false},"excerpt":{"rendered":"<p>Le pr\u00e9sident de la R\u00e9publique, Mohamed Cheikh El Ghazouani, a f\u00e9licit\u00e9 dimanche 12 mars les forces de d\u00e9fense et de s\u00e9curit\u00e9 pour leur implication dans la capture des quatre terroristes qui s\u2019\u00e9taient \u00e9vad\u00e9s de prison. Les autorit\u00e9s mauritaniennes avaient annonc\u00e9 samedi avoir tu\u00e9 trois djihadistes \u00e9chapp\u00e9s de prison cinq jours plus t\u00f4t. Dont Saleck Ould &hellip;<\/p>\n","protected":false},"author":2,"featured_media":4715,"comment_status":"open","ping_status":"open","sticky":false,"template":"","format":"standard","meta":{"footnotes":""},"categories":[18],"tags":[],"class_list":["post-4714","post","type-post","status-publish","format-standard","has-post-thumbnail","hentry","category-actualites"],"_links":{"self":[{"href":"https:\/\/ladepeche.mr\/index.php?rest_route=\/wp\/v2\/posts\/4714","targetHints":{"allow":["GET"]}}],"collection":[{"href":"https:\/\/ladepeche.mr\/index.php?rest_route=\/wp\/v2\/posts"}],"about":[{"href":"https:\/\/ladepeche.mr\/index.php?rest_route=\/wp\/v2\/types\/post"}],"author":[{"embeddable":true,"href":"https:\/\/ladepeche.mr\/index.php?rest_route=\/wp\/v2\/users\/2"}],"replies":[{"embeddable":true,"href":"https:\/\/ladepeche.mr\/index.php?rest_route=%2Fwp%2Fv2%2Fcomments&post=4714"}],"version-history":[{"count":1,"href":"https:\/\/ladepeche.mr\/index.php?rest_route=\/wp\/v2\/posts\/4714\/revisions"}],"predecessor-version":[{"id":4716,"href":"https:\/\/ladepeche.mr\/index.php?rest_route=\/wp\/v2\/posts\/4714\/revisions\/4716"}],"wp:featuredmedia":[{"embeddable":true,"href":"https:\/\/ladepeche.mr\/index.php?rest_route=\/wp\/v2\/media\/4715"}],"wp:attachment":[{"href":"https:\/\/ladepeche.mr\/index.php?rest_route=%2Fwp%2Fv2%2Fmedia&parent=4714"}],"wp:term":[{"taxonomy":"category","embeddable":true,"href":"https:\/\/ladepeche.mr\/index.php?rest_route=%2Fwp%2Fv2%2Fcategories&post=4714"},{"taxonomy":"post_tag","embeddable":true,"href":"https:\/\/ladepeche.mr\/index.php?rest_route=%2Fwp%2Fv2%2Ftags&post=4714"}],"curies":[{"name":"wp","href":"https:\/\/api.w.org\/{rel}","templated":true}]}}