{"id":4719,"date":"2023-03-13T09:30:17","date_gmt":"2023-03-13T09:30:17","guid":{"rendered":"https:\/\/ladepeche.mr\/?p=4719"},"modified":"2023-03-12T23:41:42","modified_gmt":"2023-03-12T23:41:42","slug":"visite-du-chef-detat-major-francais-tenter-de-renforcer-la-cooperation-militaire-avec-les-pays-du-g5s","status":"publish","type":"post","link":"https:\/\/ladepeche.mr\/?p=4719","title":{"rendered":"Visite du chef d\u2019\u00e9tat-major fran\u00e7ais : tenter de renforcer la coop\u00e9ration militaire avec les pays du G5S"},"content":{"rendered":"<p>Presqu\u2019occult\u00e9e dans les m\u00e9dias par les \u00e9v\u00e9nements li\u00e9s \u00e0 la primeur de la poursuite des terroristes \u00e9vad\u00e9s, la visite du chef d\u2019\u00e9tat-major fran\u00e7ais, le g\u00e9n\u00e9ral Thierry Borkhard, n\u2019en constitue pas moins un \u00e9v\u00e9nement de taille. Elle intervient aussi apr\u00e8s le choix port\u00e9 sur le pr\u00e9sident Ghazouani pour pr\u00e9sider le G5S.<br \/>\nL\u2019entente mauritano-fran\u00e7aise n\u2019est pas pr\u00eate de s\u2019estomper malgr\u00e9 les cris de guerre dans certaines capitales ouest-africaines contre la pr\u00e9sence fran\u00e7aise en Afrique. Et comme, l\u2019a confirm\u00e9 dans un r\u00e9cent entretien avec la BBC, le pr\u00e9sident Ghazaouani, la Mauritanie assume la coop\u00e9ration exemplaire et agissante avec la France. Le pr\u00e9sident mauritanien, homme de consensus et \u00e0 qui chacun accorde une oreille attentive, a des coud\u00e9es plus franches pour tenter de lever les \u00e9quivoques, assainir l\u2019atmosph\u00e8re et ramener \u00e0 la raison. Il pourrait, en tout cas, se mouvoir plus ais\u00e9ment entre les diff\u00e9rents protagonistes pour pr\u00f4ner l\u2019entente.<br \/>\nLa visite du chef d\u2019\u00e9tat-major fran\u00e7ais, le g\u00e9n\u00e9ral Thierry Borkhard, m\u00eame si elle peut s\u2019inscrire dans le cadre des \u00e9changes avec le Sahel, n\u2019en confirme pas moins le niveau de coop\u00e9ration bilat\u00e9rale entre Nouakchott et Paris. La relation avec la France, loin du paternalisme ambiant, a toujours eu une saveur particuli\u00e8re et la Mauritanie a toujours su pr\u00e9server l\u2019essentiel de cette relation, sans se compromettre, ni insulter l\u2019avenir.  La visite du g\u00e9n\u00e9ral Thierry Borkhard est d\u2019autant plus importante qu\u2019elle intervient \u00e0 un moment crucial de l\u2019histoire politique au Sahel. Il a \u00e9t\u00e9 re\u00e7u d\u00e8s son arriv\u00e9e vendredi par le pr\u00e9sident de la R\u00e9publique, pr\u00e9sident en exercice du G5S, en pr\u00e9sence du chef d\u2019\u00e9tat-major g\u00e9n\u00e9ral des arm\u00e9es, g\u00e9n\u00e9ral de division Mokhtar Bolla Chaabane, du chef d\u2019\u00e9tat-major particulier du Pr\u00e9sident de la R\u00e9publique, Vice-Amiral Isselkou Cheikh El Wely et de l\u2019ambassadeur de France en Mauritanie, SEM. Alexandre Garcia. Il aura \u00e9galement pu discuter de coop\u00e9ration avec le ministre de la d\u00e9fense nationale, Hanena Ould Hanena. Il a, apr ailleurs, visit\u00e9 le Coll\u00e8ge de d\u00e9fense du groupe des cinq au Sahel \u00e0 Nouakchott. Endroit symbolique pour rappeler \u00ab la n\u00e9cessit\u00e9 de d\u00e9velopper un partenariat strat\u00e9gique et une coop\u00e9ration militaire entre la France et les \u00c9tats membres du Groupe des cinq au Sahel et d\u2019autres pays africains \u00bb souligne le g\u00e9n\u00e9ral Thierry Borkhard  pr\u00e9cisant que \u00abcette strat\u00e9gie doit \u00eatre \u00e9quilibr\u00e9e et bas\u00e9e sur les \u00e9changes entre la France et les pays concern\u00e9s \u00bb. Le g\u00e9n\u00e9ral Thierry Borkhard a, en outre, formul\u00e9 la disponibilit\u00e9 de son pays \u00ab \u00e0 renforcer sa coop\u00e9ration aux niveaux bilat\u00e9ral et r\u00e9gional avec les pays africains dans tous les domaines, notamment dans le domaine militaire\u00bb. Nagu\u00e8re encore pays mis \u00e0 la touche des \u00e9v\u00e9nements continentaux, la Mauritanie s\u2019est fray\u00e9e elle-m\u00eame, dans l\u2019humilit\u00e9, son chemin pour m\u00e9riter la confiance de la communaut\u00e9 internationale. Prudence et clairvoyance du leadership politique ont contribu\u00e9 \u00e0 cette \u00e9mergence devenue une \u00e9norme responsabilit\u00e9 sur les \u00e9paules de ceux qui nous gouvernent. Une mission souvent d\u00e9licate si l\u2019on mesure la nature et la distance s\u00e9parant les protagonistes aux crises politiques internationales et sous-r\u00e9gionales. Les autorit\u00e9s politiques et \u00e0 leur t\u00eate le pr\u00e9sident de la R\u00e9publique savent pourtant que malgr\u00e9 le cr\u00e9dit allou\u00e9 par les uns et les autres, un certain irr\u00e9dentisme diplomatique marque aujourd\u2019hui et les esprits et les relations inter\u00e9tatiques.<br \/>\nEn raison de cette posture parfois \u00e0 la limite de l\u2019\u00e9quilibrisme, la Mauritanie tente de jouer un r\u00f4le pour colmater les br\u00e8ches. Elle est, malgr\u00e9 tout, de plus en plus courtis\u00e9e pour sugg\u00e9rer, aplanir et jeter des ponts pour des retrouvailles, des positions salvatrices.  Ce n\u2019est certainement pas parce qu\u2019il lui chante de jouer \u00ab dans la cour des grands \u00bb que la Mauritanie s\u2019y investit ou par orgueil. L\u2019unique raison est que tous semblent converger vers elle. A cheval sur ses principes comme c\u2019est le cas pour l\u2019Ukraine, cela ne l\u2019emp\u00eache pas de recevoir S.Lavrov \u00e0 Nouakchott et de lui faire enfiler le boubou. Jalouse de son engagement au sein du G5Sahel, elle n\u2019en brime pas pour autant le Mali ou le Burkina, partenaires au sein de l\u2019organisation, o\u00f9 des juntes militaires ont accapar\u00e9 le pouvoir et dont la C\u00e9d\u00e9ao conditionne le retour \u00e0 cette organisation. Dans le m\u00eame sillage, elle pr\u00e9serve ses relations historiques et strat\u00e9giques avec les pays de l\u2019Alliance Sahel, avec l\u2019Otan et les Etats-Unis d\u2019Am\u00e9rique\u2026Jusqu\u2019\u00e0 quand serait-on tent\u00e9 de dire ? En maintenant dans le tact et la diplomatie le cap jusqu\u2019ici suivi !<br \/>\nredaction@ladepeche.mr<\/p>\n","protected":false},"excerpt":{"rendered":"<p>Presqu\u2019occult\u00e9e dans les m\u00e9dias par les \u00e9v\u00e9nements li\u00e9s \u00e0 la primeur de la poursuite des terroristes \u00e9vad\u00e9s, la visite du chef d\u2019\u00e9tat-major fran\u00e7ais, le g\u00e9n\u00e9ral Thierry Borkhard, n\u2019en constitue pas moins un \u00e9v\u00e9nement de taille. Elle intervient aussi apr\u00e8s le choix port\u00e9 sur le pr\u00e9sident Ghazouani pour pr\u00e9sider le G5S. L\u2019entente mauritano-fran\u00e7aise n\u2019est pas pr\u00eate &hellip;<\/p>\n","protected":false},"author":2,"featured_media":4720,"comment_status":"open","ping_status":"open","sticky":false,"template":"","format":"standard","meta":{"footnotes":""},"categories":[18,29,1],"tags":[],"class_list":["post-4719","post","type-post","status-publish","format-standard","has-post-thumbnail","hentry","category-actualites","category-monde","category-uncategorized"],"_links":{"self":[{"href":"https:\/\/ladepeche.mr\/index.php?rest_route=\/wp\/v2\/posts\/4719","targetHints":{"allow":["GET"]}}],"collection":[{"href":"https:\/\/ladepeche.mr\/index.php?rest_route=\/wp\/v2\/posts"}],"about":[{"href":"https:\/\/ladepeche.mr\/index.php?rest_route=\/wp\/v2\/types\/post"}],"author":[{"embeddable":true,"href":"https:\/\/ladepeche.mr\/index.php?rest_route=\/wp\/v2\/users\/2"}],"replies":[{"embeddable":true,"href":"https:\/\/ladepeche.mr\/index.php?rest_route=%2Fwp%2Fv2%2Fcomments&post=4719"}],"version-history":[{"count":4,"href":"https:\/\/ladepeche.mr\/index.php?rest_route=\/wp\/v2\/posts\/4719\/revisions"}],"predecessor-version":[{"id":4724,"href":"https:\/\/ladepeche.mr\/index.php?rest_route=\/wp\/v2\/posts\/4719\/revisions\/4724"}],"wp:featuredmedia":[{"embeddable":true,"href":"https:\/\/ladepeche.mr\/index.php?rest_route=\/wp\/v2\/media\/4720"}],"wp:attachment":[{"href":"https:\/\/ladepeche.mr\/index.php?rest_route=%2Fwp%2Fv2%2Fmedia&parent=4719"}],"wp:term":[{"taxonomy":"category","embeddable":true,"href":"https:\/\/ladepeche.mr\/index.php?rest_route=%2Fwp%2Fv2%2Fcategories&post=4719"},{"taxonomy":"post_tag","embeddable":true,"href":"https:\/\/ladepeche.mr\/index.php?rest_route=%2Fwp%2Fv2%2Ftags&post=4719"}],"curies":[{"name":"wp","href":"https:\/\/api.w.org\/{rel}","templated":true}]}}