{"id":4728,"date":"2023-03-13T15:32:24","date_gmt":"2023-03-13T15:32:24","guid":{"rendered":"https:\/\/ladepeche.mr\/?p=4728"},"modified":"2023-03-13T15:32:24","modified_gmt":"2023-03-13T15:32:24","slug":"politique-le-president-de-la-republique-decrete-la-dissolution-de-lassemblee-nationale","status":"publish","type":"post","link":"https:\/\/ladepeche.mr\/?p=4728","title":{"rendered":"Politique: Le Pr\u00e9sident de la R\u00e9publique d\u00e9cr\u00e8te la dissolution de l\u2019Assembl\u00e9e Nationale"},"content":{"rendered":"<p>Le Pr\u00e9sident de la R\u00e9publique, apr\u00e8s consultation du Premier ministre et du Pr\u00e9sident de l\u2019Assembl\u00e9e nationale, et vu l\u2019article 31 (nouveau) de la Constitution du 20 juillet 1991, r\u00e9vis\u00e9e en 2006, 2012 et 2017, d\u00e9cr\u00e8te la dissolution l\u2019Assembl\u00e9e Nationale.<br \/>\nAmi<\/p>\n","protected":false},"excerpt":{"rendered":"<p>Le Pr\u00e9sident de la R\u00e9publique, apr\u00e8s consultation du Premier ministre et du Pr\u00e9sident de l\u2019Assembl\u00e9e nationale, et vu l\u2019article 31 (nouveau) de la Constitution du 20 juillet 1991, r\u00e9vis\u00e9e en 2006, 2012 et 2017, d\u00e9cr\u00e8te la dissolution l\u2019Assembl\u00e9e Nationale. Ami<\/p>\n","protected":false},"author":2,"featured_media":0,"comment_status":"open","ping_status":"open","sticky":false,"template":"","format":"standard","meta":{"footnotes":""},"categories":[18],"tags":[],"class_list":["post-4728","post","type-post","status-publish","format-standard","hentry","category-actualites"],"_links":{"self":[{"href":"https:\/\/ladepeche.mr\/index.php?rest_route=\/wp\/v2\/posts\/4728","targetHints":{"allow":["GET"]}}],"collection":[{"href":"https:\/\/ladepeche.mr\/index.php?rest_route=\/wp\/v2\/posts"}],"about":[{"href":"https:\/\/ladepeche.mr\/index.php?rest_route=\/wp\/v2\/types\/post"}],"author":[{"embeddable":true,"href":"https:\/\/ladepeche.mr\/index.php?rest_route=\/wp\/v2\/users\/2"}],"replies":[{"embeddable":true,"href":"https:\/\/ladepeche.mr\/index.php?rest_route=%2Fwp%2Fv2%2Fcomments&post=4728"}],"version-history":[{"count":1,"href":"https:\/\/ladepeche.mr\/index.php?rest_route=\/wp\/v2\/posts\/4728\/revisions"}],"predecessor-version":[{"id":4729,"href":"https:\/\/ladepeche.mr\/index.php?rest_route=\/wp\/v2\/posts\/4728\/revisions\/4729"}],"wp:attachment":[{"href":"https:\/\/ladepeche.mr\/index.php?rest_route=%2Fwp%2Fv2%2Fmedia&parent=4728"}],"wp:term":[{"taxonomy":"category","embeddable":true,"href":"https:\/\/ladepeche.mr\/index.php?rest_route=%2Fwp%2Fv2%2Fcategories&post=4728"},{"taxonomy":"post_tag","embeddable":true,"href":"https:\/\/ladepeche.mr\/index.php?rest_route=%2Fwp%2Fv2%2Ftags&post=4728"}],"curies":[{"name":"wp","href":"https:\/\/api.w.org\/{rel}","templated":true}]}}