{"id":4731,"date":"2023-03-13T15:49:48","date_gmt":"2023-03-13T15:49:48","guid":{"rendered":"https:\/\/ladepeche.mr\/?p=4731"},"modified":"2023-03-13T15:49:48","modified_gmt":"2023-03-13T15:49:48","slug":"conseil-des-ministres-convocation-du-college-electoral-pour-les-prochaines-legislatives","status":"publish","type":"post","link":"https:\/\/ladepeche.mr\/?p=4731","title":{"rendered":"Conseil des ministres: Convocation du coll\u00e8ge \u00e9lectoral pour les prochaines l\u00e9gislatives"},"content":{"rendered":"<p>Des membres du gouvernement ont comment\u00e9, lundi apr\u00e8s-midi, les r\u00e9sultats du conseil des ministres qui s\u2019est d\u00e9roul\u00e9 plus t\u00f4t dans la matin\u00e9e. Il s\u2019agit des ministres de l\u2019\u00c9quipement et des Transports, porte-parole du gouvernement, M. Nany Ould Chrougha, de l\u2019Int\u00e9rieur et de la D\u00e9centralisation, M. Mohamed Ahmed Ould Mohamed Lemine.<br \/>\nIntervenant le premier, le porte-parole du gouvernement a d\u00e9clar\u00e9 que le conseil a examin\u00e9 et approuv\u00e9 des projets de d\u00e9crets et des communications, dont celui relatif \u00e0 la convocation du coll\u00e8ge \u00e9lectoral en pr\u00e9lude des prochaines l\u00e9gislatives. Il a ensuite c\u00e9d\u00e9 la parole au ministre de l\u2019int\u00e9rieur afin que celui-ci apporte davantage de pr\u00e9cisions.<br \/>\nPrenant la parole, le ministre de l\u2019Int\u00e9rieur a d\u00e9clar\u00e9 que le projet de d\u00e9cret qui a \u00e9t\u00e9 adopt\u00e9, vise \u00e0 convoquer le coll\u00e8ge \u00e9lectoral \u00e0 l\u2019approche des \u00e9lections l\u00e9gislatives. Il a soulign\u00e9 que la d\u00e9cision ne pouvait pas intervenir \u00e0 une date, autre, que ce 13 mars. Il explique qu\u2019il fallait d\u2019une part attendre que l\u2019Assembl\u00e9e soit dissoute et d\u2019autre part se conformer aux dispositions de l\u2019article 31 de la constitution qui stipule que les \u00e9lections doivent se tenir 60 jours au plus apr\u00e8s la dissolution de l\u2019Assembl\u00e9e nationale.<br \/>\nLe d\u00e9cret adopt\u00e9 en conseil, fixe aussi les dates de r\u00e9ception des candidatures \u00e0 la d\u00e9putation, la constitution des dossiers et les voies de recours. Le ministre a soulign\u00e9 que les dossiers de candidatures peuvent \u00eatre d\u00e9pos\u00e9s du 29 mars au 12 avril 2023 au niveau repr\u00e9sentations locales de la Commission \u00c9lectorale Nationale Ind\u00e9pendante (CENI) au niveau des moughataas de l\u2019int\u00e9rieur du pays. Il a pr\u00e9cis\u00e9 que les candidatures pour Nouakchott doivent \u00eatre d\u00e9pos\u00e9s aupr\u00e8s des repr\u00e9sentations de la CENI situ\u00e9es dans les trois circonscriptions de la capitale.<br \/>\nLa CENI va statuer sur la validit\u00e9 des dossiers re\u00e7us, dans un d\u00e9lai de 5 jours apr\u00e8s la cl\u00f4ture du d\u00e9lai de candidature. Si une d\u00e9cision de la CENI sur la recevabilit\u00e9 d\u2019un dossier est contest\u00e9e, ce sera au conseil constitutionnel de trancher, a t-il dit.<br \/>\nInterrog\u00e9 sur la communication du gouvernement concernant la traque des d\u00e9tenus qui s\u2019\u00e9taient \u00e9vad\u00e9s de la prison centrale de Nouakchott, le ministre de l\u2019Int\u00e9rieur a estim\u00e9 que la situation a \u00e9t\u00e9 g\u00e9r\u00e9e de la sorte parce parce qu\u2019il n\u2019y avait pas d\u2019informations pertinentes \u00e0 communiquer \u00e0 l\u2019opinion et lorsqu\u2019il y en avait, cela risquait d\u2019interf\u00e9rer avec les op\u00e9rations qui \u00e9taient en cours.<br \/>\nLe ministre a ensuite pr\u00e9sent\u00e9 ses condol\u00e9ances et pri\u00e9 pour le repos des \u00e2mes des deux gardes et du gendarme tomb\u00e9s sous les balles des terroristes. Il a en outre salu\u00e9 la vigilance et la coop\u00e9ration des citoyens qui ont activement contribu\u00e9 \u00e0 la traque.<br \/>\nLe ministre de l\u2019Int\u00e9rieur a mis en exergue le travail abattu par l\u2019appareil s\u00e9curitaire, son niveau pr\u00e9paration et son engagement \u00e0 s\u00e9curiser les populations et leurs biens. Il a enfin d\u00e9clar\u00e9 que les le\u00e7ons seront tir\u00e9s de cet incident, \u00e0 tous les niveaux, afin que cela ne se reproduise pas.<br \/>\nDe son c\u00f4t\u00e9, le porte-parole du gouvernement a tenu \u00e0 faire une mise au point sur la terminologie qui a \u00e9t\u00e9 utilis\u00e9e pour qualifier les fugitifs durant leur cavale. Selon lui, il ne faudrait pas les traiter de salafistes mais plut\u00f4t de terroristes, car ils ont tu\u00e9 de sang froid.<br \/>\nIl emboite le pas au ministre de l\u2019int\u00e9rieur en magnifiant le r\u00f4le jou\u00e9 par les populations tout au long de la semaine de traque des fugitifs. Poursuivant, il a relev\u00e9 le niveau de pr\u00e9paration des forces de d\u00e9fense et de s\u00e9curit\u00e9, ainsi que la mobilisation en haut lieu, mat\u00e9rialis\u00e9e par les r\u00e9unions du conseil sup\u00e9rieur de s\u00e9curit\u00e9.<br \/>\nS\u2019agissant des informations relay\u00e9es par des m\u00e9dias, selon lesquelles la Mauritanie serait en contact avec Isra\u00ebl, le porte-parole du gouvernement a affirm\u00e9 que le pays n\u2019a aucune relation avec l\u2019\u00e9tat h\u00e9breux, estimant que ce que disent les m\u00e9dias \u00e9trangers n\u2019engage qu\u2019eux-m\u00eames.<br \/>\nLe porte-parole a aussi indiqu\u00e9 le pays est pr\u00eat \u00e0 accueillir la 49\u00e8me session du Conseil des Ministres des Affaires \u00e9trang\u00e8res des Etats membres de l\u2019Organisation de la Coop\u00e9ration Islamique (OCI), \u00e0 Nouakchott.<\/p>\n<p>Ami<\/p>\n","protected":false},"excerpt":{"rendered":"<p>Des membres du gouvernement ont comment\u00e9, lundi apr\u00e8s-midi, les r\u00e9sultats du conseil des ministres qui s\u2019est d\u00e9roul\u00e9 plus t\u00f4t dans la matin\u00e9e. Il s\u2019agit des ministres de l\u2019\u00c9quipement et des Transports, porte-parole du gouvernement, M. Nany Ould Chrougha, de l\u2019Int\u00e9rieur et de la D\u00e9centralisation, M. Mohamed Ahmed Ould Mohamed Lemine. Intervenant le premier, le porte-parole &hellip;<\/p>\n","protected":false},"author":2,"featured_media":0,"comment_status":"open","ping_status":"open","sticky":false,"template":"","format":"standard","meta":{"footnotes":""},"categories":[18],"tags":[],"class_list":["post-4731","post","type-post","status-publish","format-standard","hentry","category-actualites"],"_links":{"self":[{"href":"https:\/\/ladepeche.mr\/index.php?rest_route=\/wp\/v2\/posts\/4731","targetHints":{"allow":["GET"]}}],"collection":[{"href":"https:\/\/ladepeche.mr\/index.php?rest_route=\/wp\/v2\/posts"}],"about":[{"href":"https:\/\/ladepeche.mr\/index.php?rest_route=\/wp\/v2\/types\/post"}],"author":[{"embeddable":true,"href":"https:\/\/ladepeche.mr\/index.php?rest_route=\/wp\/v2\/users\/2"}],"replies":[{"embeddable":true,"href":"https:\/\/ladepeche.mr\/index.php?rest_route=%2Fwp%2Fv2%2Fcomments&post=4731"}],"version-history":[{"count":1,"href":"https:\/\/ladepeche.mr\/index.php?rest_route=\/wp\/v2\/posts\/4731\/revisions"}],"predecessor-version":[{"id":4732,"href":"https:\/\/ladepeche.mr\/index.php?rest_route=\/wp\/v2\/posts\/4731\/revisions\/4732"}],"wp:attachment":[{"href":"https:\/\/ladepeche.mr\/index.php?rest_route=%2Fwp%2Fv2%2Fmedia&parent=4731"}],"wp:term":[{"taxonomy":"category","embeddable":true,"href":"https:\/\/ladepeche.mr\/index.php?rest_route=%2Fwp%2Fv2%2Fcategories&post=4731"},{"taxonomy":"post_tag","embeddable":true,"href":"https:\/\/ladepeche.mr\/index.php?rest_route=%2Fwp%2Fv2%2Ftags&post=4731"}],"curies":[{"name":"wp","href":"https:\/\/api.w.org\/{rel}","templated":true}]}}