{"id":4739,"date":"2023-03-13T19:00:49","date_gmt":"2023-03-13T19:00:49","guid":{"rendered":"https:\/\/ladepeche.mr\/?p=4739"},"modified":"2023-03-13T17:58:48","modified_gmt":"2023-03-13T17:58:48","slug":"au-conseil-des-ministres-convocation-du-college-electoral-pour-lelection-des-deputes-communique","status":"publish","type":"post","link":"https:\/\/ladepeche.mr\/?p=4739","title":{"rendered":"Au Conseil des ministres : Convocation du coll\u00e8ge \u00e9lectoral pour l\u2019\u00e9lection des d\u00e9put\u00e9s (communiqu\u00e9)"},"content":{"rendered":"<p>Le Conseil des ministres s\u2019est r\u00e9uni le lundi 13 mars 2023, sous la pr\u00e9sidence de Son Excellence Monsieur le Pr\u00e9sident de la R\u00e9publique, Mohamed Ould Cheikh El Ghazouani.<\/p>\n<p>Le Conseil a examin\u00e9 et adopt\u00e9 les deux projets de d\u00e9crets suivants :<\/p>\n<p>\u2010 Projet de d\u00e9cret portant nomination des membres du Conseil d\u2019Administration du Port Autonome de Nouadhibou (PAN).<\/p>\n<p>\u2010 Projet de d\u00e9cret portant convocation du coll\u00e8ge \u00e9lectoral pour l\u2019\u00e9lection des d\u00e9put\u00e9s \u00e0 l\u2019Assembl\u00e9e Nationale.<\/p>\n<p>Le pr\u00e9sent projet de d\u00e9cret a pour objectif de convoquer le coll\u00e8ge \u00e9lectoral le samedi 13 mai 2023, et en cas de deuxi\u00e8me tour, le 27 mai 2023, en vue d\u2019\u00e9lire les d\u00e9put\u00e9s \u00e0 l\u2019Assembl\u00e9e Nationale.<\/p>\n<p>Cette date propos\u00e9e pr\u00e9alablement par la Commission Nationale \u00c9lectorale Ind\u00e9pendante (CENI) pour l\u2019organisation d\u2019\u00e9lections g\u00e9n\u00e9rales simultan\u00e9es (conform\u00e9ment \u00e0 l\u2019accord entre le Gouvernement et les Partis Politiques), concorde avec le d\u00e9lai prescrit par la Constitution pour l\u2019\u00e9lection des d\u00e9put\u00e9s \u00e0 l\u2019Assembl\u00e9e Nationale.<\/p>\n<p>Pour ce qui est des circonscriptions d\u00e9partementales, les candidatures sont re\u00e7ues, contre r\u00e9c\u00e9piss\u00e9 provisoire, par le repr\u00e9sentant local de la CENI, apr\u00e8s versement d\u2019une caution, entre le mercredi 29 mars 2023 \u00e0 z\u00e9ro heure et le mercredi 12 avril 2023 \u00e0 minuit.<\/p>\n<p>Pour le scrutin des listes nationales, les candidatures sont re\u00e7ues au si\u00e8ge de la CENI.<\/p>\n<p>Enfin, le Conseil a pris la mesure individuelle suivante :<\/p>\n<p>Minist\u00e8re des Affaires \u00c9conomiques et de la Promotion des Secteurs Productifs<\/p>\n<p>Administration centrale<\/p>\n<p>Direction des Projets \u00c9ducation- Formation<\/p>\n<p>\u2010 Directeur : Mohamed Vall Ould Dickeh, titulaire d\u2019un doctorat en Sciences de l\u2019\u00c9ducation, pr\u00e9c\u00e9demment charg\u00e9 de la coordination du Projet d\u2019Appui au Secteur de l\u2019\u00c9ducation de Base (PASEB-2) \u00e0 la m\u00eame direction.<br \/>\nAmi<\/p>\n","protected":false},"excerpt":{"rendered":"<p>Le Conseil des ministres s\u2019est r\u00e9uni le lundi 13 mars 2023, sous la pr\u00e9sidence de Son Excellence Monsieur le Pr\u00e9sident de la R\u00e9publique, Mohamed Ould Cheikh El Ghazouani. Le Conseil a examin\u00e9 et adopt\u00e9 les deux projets de d\u00e9crets suivants : \u2010 Projet de d\u00e9cret portant nomination des membres du Conseil d\u2019Administration du Port Autonome &hellip;<\/p>\n","protected":false},"author":2,"featured_media":4740,"comment_status":"open","ping_status":"open","sticky":false,"template":"","format":"standard","meta":{"footnotes":""},"categories":[18],"tags":[],"class_list":["post-4739","post","type-post","status-publish","format-standard","has-post-thumbnail","hentry","category-actualites"],"_links":{"self":[{"href":"https:\/\/ladepeche.mr\/index.php?rest_route=\/wp\/v2\/posts\/4739","targetHints":{"allow":["GET"]}}],"collection":[{"href":"https:\/\/ladepeche.mr\/index.php?rest_route=\/wp\/v2\/posts"}],"about":[{"href":"https:\/\/ladepeche.mr\/index.php?rest_route=\/wp\/v2\/types\/post"}],"author":[{"embeddable":true,"href":"https:\/\/ladepeche.mr\/index.php?rest_route=\/wp\/v2\/users\/2"}],"replies":[{"embeddable":true,"href":"https:\/\/ladepeche.mr\/index.php?rest_route=%2Fwp%2Fv2%2Fcomments&post=4739"}],"version-history":[{"count":2,"href":"https:\/\/ladepeche.mr\/index.php?rest_route=\/wp\/v2\/posts\/4739\/revisions"}],"predecessor-version":[{"id":4742,"href":"https:\/\/ladepeche.mr\/index.php?rest_route=\/wp\/v2\/posts\/4739\/revisions\/4742"}],"wp:featuredmedia":[{"embeddable":true,"href":"https:\/\/ladepeche.mr\/index.php?rest_route=\/wp\/v2\/media\/4740"}],"wp:attachment":[{"href":"https:\/\/ladepeche.mr\/index.php?rest_route=%2Fwp%2Fv2%2Fmedia&parent=4739"}],"wp:term":[{"taxonomy":"category","embeddable":true,"href":"https:\/\/ladepeche.mr\/index.php?rest_route=%2Fwp%2Fv2%2Fcategories&post=4739"},{"taxonomy":"post_tag","embeddable":true,"href":"https:\/\/ladepeche.mr\/index.php?rest_route=%2Fwp%2Fv2%2Ftags&post=4739"}],"curies":[{"name":"wp","href":"https:\/\/api.w.org\/{rel}","templated":true}]}}