{"id":4743,"date":"2023-03-13T21:04:07","date_gmt":"2023-03-13T21:04:07","guid":{"rendered":"https:\/\/ladepeche.mr\/?p=4743"},"modified":"2023-03-13T21:05:50","modified_gmt":"2023-03-13T21:05:50","slug":"evasion-de-prison-des-terroristes-la-securite-arrete-un-presume-complice-qui-aurait-livre-le-vehicule-ayant-servi-dans-leur-fuite","status":"publish","type":"post","link":"https:\/\/ladepeche.mr\/?p=4743","title":{"rendered":"\u00c9vasion de prison des terroristes: La s\u00e9curit\u00e9 arr\u00eate un pr\u00e9sum\u00e9 complice qui aurait livr\u00e9 le v\u00e9hicule ayant servi pour leur fuite de Nouakchott"},"content":{"rendered":"<p>Les services de s\u00e9curit\u00e9 qui poursuivent l\u2019enqu\u00eate sur les circonstances de l\u2019organisation de l\u2019\u00e9vasion des terroristes abattus, samedi, en Adrar, auraient arr\u00eat\u00e9 une personne en liaison avec cette op\u00e9ration.<br \/>\nL\u2019int\u00e9ress\u00e9 arr\u00eat\u00e9 \u00e0 Bassiknou, fronti\u00e8re avec le Mali, aurait mis \u00e0 la disposition des terroristes fugitifs le v\u00e9hicule retrouv\u00e9 avec eux sur les jeux de leur interception, pres d\u2019une localit\u00e9 \u00e0 pr\u00e8s de 500 km de Nouakchott.<br \/>\nA noter aussi que le premier responsable de la prison civile aurait \u00e9t\u00e9 \u00e9galement affect\u00e9 de ce poste comme une premi\u00e8re cons\u00e9quence des failles s\u00e9curitaires dans cet \u00e9tablissement p\u00e9nitentiaire.<\/p>\n","protected":false},"excerpt":{"rendered":"<p>Les services de s\u00e9curit\u00e9 qui poursuivent l\u2019enqu\u00eate sur les circonstances de l\u2019organisation de l\u2019\u00e9vasion des terroristes abattus, samedi, en Adrar, auraient arr\u00eat\u00e9 une personne en liaison avec cette op\u00e9ration. L\u2019int\u00e9ress\u00e9 arr\u00eat\u00e9 \u00e0 Bassiknou, fronti\u00e8re avec le Mali, aurait mis \u00e0 la disposition des terroristes fugitifs le v\u00e9hicule retrouv\u00e9 avec eux sur les jeux de leur &hellip;<\/p>\n","protected":false},"author":2,"featured_media":4745,"comment_status":"open","ping_status":"open","sticky":false,"template":"","format":"standard","meta":{"footnotes":""},"categories":[18],"tags":[],"class_list":["post-4743","post","type-post","status-publish","format-standard","has-post-thumbnail","hentry","category-actualites"],"_links":{"self":[{"href":"https:\/\/ladepeche.mr\/index.php?rest_route=\/wp\/v2\/posts\/4743","targetHints":{"allow":["GET"]}}],"collection":[{"href":"https:\/\/ladepeche.mr\/index.php?rest_route=\/wp\/v2\/posts"}],"about":[{"href":"https:\/\/ladepeche.mr\/index.php?rest_route=\/wp\/v2\/types\/post"}],"author":[{"embeddable":true,"href":"https:\/\/ladepeche.mr\/index.php?rest_route=\/wp\/v2\/users\/2"}],"replies":[{"embeddable":true,"href":"https:\/\/ladepeche.mr\/index.php?rest_route=%2Fwp%2Fv2%2Fcomments&post=4743"}],"version-history":[{"count":3,"href":"https:\/\/ladepeche.mr\/index.php?rest_route=\/wp\/v2\/posts\/4743\/revisions"}],"predecessor-version":[{"id":4747,"href":"https:\/\/ladepeche.mr\/index.php?rest_route=\/wp\/v2\/posts\/4743\/revisions\/4747"}],"wp:featuredmedia":[{"embeddable":true,"href":"https:\/\/ladepeche.mr\/index.php?rest_route=\/wp\/v2\/media\/4745"}],"wp:attachment":[{"href":"https:\/\/ladepeche.mr\/index.php?rest_route=%2Fwp%2Fv2%2Fmedia&parent=4743"}],"wp:term":[{"taxonomy":"category","embeddable":true,"href":"https:\/\/ladepeche.mr\/index.php?rest_route=%2Fwp%2Fv2%2Fcategories&post=4743"},{"taxonomy":"post_tag","embeddable":true,"href":"https:\/\/ladepeche.mr\/index.php?rest_route=%2Fwp%2Fv2%2Ftags&post=4743"}],"curies":[{"name":"wp","href":"https:\/\/api.w.org\/{rel}","templated":true}]}}