{"id":4751,"date":"2023-03-14T13:57:10","date_gmt":"2023-03-14T13:57:10","guid":{"rendered":"https:\/\/ladepeche.mr\/?p=4751"},"modified":"2023-03-14T14:45:31","modified_gmt":"2023-03-14T14:45:31","slug":"education-les-usa-financent-pour-1-milliard-mru-des-cantines-scolaires-dans-3-regions","status":"publish","type":"post","link":"https:\/\/ladepeche.mr\/?p=4751","title":{"rendered":"\u00c9ducation: les USA financent pour 1 milliard Mru des cantines scolaires dans 3 r\u00e9gions"},"content":{"rendered":"<p>Des \u00e9tablissements d\u2019enseignement au niveau des 3 r\u00e9gions du Gorgol, du Brakna et d Tagant vont b\u00e9n\u00e9ficier d\u2019un financement d\u2019un milliard Mru pour un programme d\u2019alimentation de cantines scolaires.<br \/>\nL\u2019accord a \u00e9t\u00e9 cosign\u00e9 mardi par le ministre des affaires \u00e9conomiques et des  secteurs productifs, O.M. Kane, l\u2019ambassadrice am\u00e9ricaine \u00e0 Nouakchott et le vice-pr\u00e9sident de \u00abCounterpart International\u00a0\u00bb, en pr\u00e9sence du ministre de l\u2019\u00e9ducation nationale.<br \/>\nSelon une d\u00e9claration attribu\u00e9e aux responsables am\u00e9ricains du programme tous les besoins des cantines scolaires seront achet\u00e9s en Mauritanie.<br \/>\nLe programme de soutien aux cantines scolaires est pr\u00e9vu pour 5 ans. Une occasion pour O.M.Kane de remercier le gouvernement am\u00e9ricain et de louer le d\u00e9veloppement et la diversification de la coop\u00e9ration bilat\u00e9rale comme en t\u00e9moignerait l\u2019adh\u00e9sion r\u00e9cente de la Mauritanie aux financements du Millenium Challenge.<\/p>\n","protected":false},"excerpt":{"rendered":"<p>Des \u00e9tablissements d\u2019enseignement au niveau des 3 r\u00e9gions du Gorgol, du Brakna et d Tagant vont b\u00e9n\u00e9ficier d\u2019un financement d\u2019un milliard Mru pour un programme d\u2019alimentation de cantines scolaires. L\u2019accord a \u00e9t\u00e9 cosign\u00e9 mardi par le ministre des affaires \u00e9conomiques et des secteurs productifs, O.M. Kane, l\u2019ambassadrice am\u00e9ricaine \u00e0 Nouakchott et le vice-pr\u00e9sident de \u00abCounterpart &hellip;<\/p>\n","protected":false},"author":2,"featured_media":4753,"comment_status":"open","ping_status":"open","sticky":false,"template":"","format":"standard","meta":{"footnotes":""},"categories":[18],"tags":[],"class_list":["post-4751","post","type-post","status-publish","format-standard","has-post-thumbnail","hentry","category-actualites"],"_links":{"self":[{"href":"https:\/\/ladepeche.mr\/index.php?rest_route=\/wp\/v2\/posts\/4751","targetHints":{"allow":["GET"]}}],"collection":[{"href":"https:\/\/ladepeche.mr\/index.php?rest_route=\/wp\/v2\/posts"}],"about":[{"href":"https:\/\/ladepeche.mr\/index.php?rest_route=\/wp\/v2\/types\/post"}],"author":[{"embeddable":true,"href":"https:\/\/ladepeche.mr\/index.php?rest_route=\/wp\/v2\/users\/2"}],"replies":[{"embeddable":true,"href":"https:\/\/ladepeche.mr\/index.php?rest_route=%2Fwp%2Fv2%2Fcomments&post=4751"}],"version-history":[{"count":4,"href":"https:\/\/ladepeche.mr\/index.php?rest_route=\/wp\/v2\/posts\/4751\/revisions"}],"predecessor-version":[{"id":4756,"href":"https:\/\/ladepeche.mr\/index.php?rest_route=\/wp\/v2\/posts\/4751\/revisions\/4756"}],"wp:featuredmedia":[{"embeddable":true,"href":"https:\/\/ladepeche.mr\/index.php?rest_route=\/wp\/v2\/media\/4753"}],"wp:attachment":[{"href":"https:\/\/ladepeche.mr\/index.php?rest_route=%2Fwp%2Fv2%2Fmedia&parent=4751"}],"wp:term":[{"taxonomy":"category","embeddable":true,"href":"https:\/\/ladepeche.mr\/index.php?rest_route=%2Fwp%2Fv2%2Fcategories&post=4751"},{"taxonomy":"post_tag","embeddable":true,"href":"https:\/\/ladepeche.mr\/index.php?rest_route=%2Fwp%2Fv2%2Ftags&post=4751"}],"curies":[{"name":"wp","href":"https:\/\/api.w.org\/{rel}","templated":true}]}}