{"id":4767,"date":"2023-03-14T22:47:38","date_gmt":"2023-03-14T22:47:38","guid":{"rendered":"https:\/\/ladepeche.mr\/?p=4767"},"modified":"2023-03-14T22:47:38","modified_gmt":"2023-03-14T22:47:38","slug":"sm-le-roi-mohammed-vi-annonce-officiellement-la-candidature-conjointe-du-maroc-avec-lespagne-et-le-portugal-pour-abriter-la-coupe-du-monde","status":"publish","type":"post","link":"https:\/\/ladepeche.mr\/?p=4767","title":{"rendered":"SM le Roi Mohammed VI annonce officiellement la candidature conjointe du Maroc, avec l&#8217;Espagne et le Portugal, pour abriter la Coupe du Monde"},"content":{"rendered":"<p>Le Roi Mohammed VI a annonc\u00e9 ce jour que le Maroc a d\u00e9cid\u00e9, avec l\u2019Espagne et le Portugal, de pr\u00e9senter une candidature conjointe pour abriter la Coupe du monde 2030.<\/p>\n<p>\u2018\u2019 J\u2019annonce devant votre assembl\u00e9e, que le Royaume du Maroc a d\u00e9cid\u00e9, avec l\u2019Espagne et le Portugal, de pr\u00e9senter une candidature conjointe pour abriter la Coupe du Monde 2030&#8243;, a affirm\u00e9 SM le Roi dans un message \u00e0 l\u2019occasion de la remise du Prix de l\u2019Excellence de la Conf\u00e9d\u00e9ration Africaine de Football (CAF) pour l\u2019ann\u00e9e 2022 (CAF President\u2019s Outstanding Achievement Award-2022), d\u00e9cern\u00e9 au Souverain \u00e0 Kigali, au Rwanda.<\/p>\n<p>\u2018\u2019 Cette candidature commune, sans pr\u00e9c\u00e9dent dans l\u2019histoire du football, sera celle de la jonction entre l\u2019Afrique et l\u2019Europe, entre le nord et le sud de la M\u00e9diterran\u00e9e, et entre les mondes africain, arabe et euro-m\u00e9diterran\u00e9en\u2019\u2019, a not\u00e9 le Souverain dans ce message, dont la lecture a \u00e9t\u00e9 donn\u00e9e par le ministre de l&#8217;Education nationale, du Pr\u00e9scolaire et des Sports, Chakib Benmoussa.<\/p>\n<p>Le Souverain a \u00e9galement pr\u00e9cis\u00e9 que cette \u2018\u2019 candidature sera celle du rassemblement autour du meilleur de part et d\u2019autre, et la d\u00e9monstration d\u2019une alliance de g\u00e9nie, de cr\u00e9ativit\u00e9, d\u2019exp\u00e9rience et de moyens\u2019\u2019.<\/p>\n<p>Il s\u2019agit de la candidature d\u2019un pays leader en Afrique et dans le monde Arabe ayant fait preuve de toutes ses capacit\u00e9s d\u2019organisation et logistiques, lors de diverses manifestations sportives internationales.<\/p>\n","protected":false},"excerpt":{"rendered":"<p>Le Roi Mohammed VI a annonc\u00e9 ce jour que le Maroc a d\u00e9cid\u00e9, avec l\u2019Espagne et le Portugal, de pr\u00e9senter une candidature conjointe pour abriter la Coupe du monde 2030. \u2018\u2019 J\u2019annonce devant votre assembl\u00e9e, que le Royaume du Maroc a d\u00e9cid\u00e9, avec l\u2019Espagne et le Portugal, de pr\u00e9senter une candidature conjointe pour abriter la &hellip;<\/p>\n","protected":false},"author":2,"featured_media":4769,"comment_status":"open","ping_status":"open","sticky":false,"template":"","format":"standard","meta":{"footnotes":""},"categories":[18,29,17],"tags":[],"class_list":["post-4767","post","type-post","status-publish","format-standard","has-post-thumbnail","hentry","category-actualites","category-monde","category-sports"],"_links":{"self":[{"href":"https:\/\/ladepeche.mr\/index.php?rest_route=\/wp\/v2\/posts\/4767","targetHints":{"allow":["GET"]}}],"collection":[{"href":"https:\/\/ladepeche.mr\/index.php?rest_route=\/wp\/v2\/posts"}],"about":[{"href":"https:\/\/ladepeche.mr\/index.php?rest_route=\/wp\/v2\/types\/post"}],"author":[{"embeddable":true,"href":"https:\/\/ladepeche.mr\/index.php?rest_route=\/wp\/v2\/users\/2"}],"replies":[{"embeddable":true,"href":"https:\/\/ladepeche.mr\/index.php?rest_route=%2Fwp%2Fv2%2Fcomments&post=4767"}],"version-history":[{"count":1,"href":"https:\/\/ladepeche.mr\/index.php?rest_route=\/wp\/v2\/posts\/4767\/revisions"}],"predecessor-version":[{"id":4768,"href":"https:\/\/ladepeche.mr\/index.php?rest_route=\/wp\/v2\/posts\/4767\/revisions\/4768"}],"wp:featuredmedia":[{"embeddable":true,"href":"https:\/\/ladepeche.mr\/index.php?rest_route=\/wp\/v2\/media\/4769"}],"wp:attachment":[{"href":"https:\/\/ladepeche.mr\/index.php?rest_route=%2Fwp%2Fv2%2Fmedia&parent=4767"}],"wp:term":[{"taxonomy":"category","embeddable":true,"href":"https:\/\/ladepeche.mr\/index.php?rest_route=%2Fwp%2Fv2%2Fcategories&post=4767"},{"taxonomy":"post_tag","embeddable":true,"href":"https:\/\/ladepeche.mr\/index.php?rest_route=%2Fwp%2Fv2%2Ftags&post=4767"}],"curies":[{"name":"wp","href":"https:\/\/api.w.org\/{rel}","templated":true}]}}