{"id":4773,"date":"2023-03-15T09:40:38","date_gmt":"2023-03-15T09:40:38","guid":{"rendered":"https:\/\/ladepeche.mr\/?p=4773"},"modified":"2023-03-15T10:04:34","modified_gmt":"2023-03-15T10:04:34","slug":"ravel-fin-des-operations-sur-le-territoire-national-et-prolongation-pour-les-mauritaniens-a-letranger","status":"publish","type":"post","link":"https:\/\/ladepeche.mr\/?p=4773","title":{"rendered":"Ravel : Fin des op\u00e9rations sur le territoire national et prolongation pour les mauritaniens \u00e0 l\u2019\u00e9tranger"},"content":{"rendered":"<p>Les op\u00e9rations du recensement administratif \u00e0 vocation \u00e9lectorale (Ravel) en Mauritanie ont pris fin lundi sur le territoire national apr\u00e8s une prolongation de 15 jours alors que les mauritaniens de l\u2019\u00e9tranger se sont vus accorder un nouveau d\u00e9lai de 10 jours de plus.<br \/>\nLes r\u00e9sultats de ces op\u00e9rations de recensement font \u00e9tat de l\u2019inscription de 1.758.784 personnes qui devraient participer aux \u00e9lections g\u00e9n\u00e9rales (l\u00e9gislatives, r\u00e9gionales et municipales) pr\u00e9vues samedi 13 mai 2023, avec l\u2019annonce de la dissolution de l\u2019AN et la convocation du coll\u00e8ge \u00e9lectorale pour la m\u00eame date dans le souci concorde avec le d\u00e9lai prescrit par la Constitution pour l\u2019\u00e9lection des d\u00e9put\u00e9s \u00e0 l\u2019Assembl\u00e9e Nationale \u00e0 60 jours au plus tard apr\u00e8s la dissolution de l\u2019Assembl\u00e9e nationale, comme l\u2019a expliqu\u00e9 le ministre de l\u2019int\u00e9rieur \u00e9voquant l\u2019article 31 de la Constitution. Les \u00e9lections l\u00e9gislatives mauritaniennes de 2023 devraient consacrer l&#8217;\u00e9lection de 176 d\u00e9put\u00e9s.<br \/>\nS\u2019agissant du vote des mauritaniens \u00e0 l\u2019\u00e9tranger, il a \u00e9t\u00e9 circonscrit \u00e0 8 pays dont 3 en Afrique (Gambie, C\u00f4te d\u2019Ivoire et Guin\u00e9e-Bissau), 3 dans des pays arabes (Arabie Saoudite, \u00c9mirats Arabes Unis et Qatar) et 2 dans le reste du monde (France et Usa).<br \/>\nA noter que le chronogramme propos\u00e9 par la CENI, d\u00e9j\u00e0 accus\u00e9e de maints dysfonctionnements, \u00e9carts et irr\u00e9gularit\u00e9s dans le cadre du Ravel, fixe la campagne \u00e9lectorale sera ouverte vendredi 28 avril 2023, et pour une quinzaine de jours.<\/p>\n","protected":false},"excerpt":{"rendered":"<p>Les op\u00e9rations du recensement administratif \u00e0 vocation \u00e9lectorale (Ravel) en Mauritanie ont pris fin lundi sur le territoire national apr\u00e8s une prolongation de 15 jours alors que les mauritaniens de l\u2019\u00e9tranger se sont vus accorder un nouveau d\u00e9lai de 10 jours de plus. Les r\u00e9sultats de ces op\u00e9rations de recensement font \u00e9tat de l\u2019inscription de &hellip;<\/p>\n","protected":false},"author":2,"featured_media":4774,"comment_status":"open","ping_status":"open","sticky":false,"template":"","format":"standard","meta":{"footnotes":""},"categories":[18],"tags":[],"class_list":["post-4773","post","type-post","status-publish","format-standard","has-post-thumbnail","hentry","category-actualites"],"_links":{"self":[{"href":"https:\/\/ladepeche.mr\/index.php?rest_route=\/wp\/v2\/posts\/4773","targetHints":{"allow":["GET"]}}],"collection":[{"href":"https:\/\/ladepeche.mr\/index.php?rest_route=\/wp\/v2\/posts"}],"about":[{"href":"https:\/\/ladepeche.mr\/index.php?rest_route=\/wp\/v2\/types\/post"}],"author":[{"embeddable":true,"href":"https:\/\/ladepeche.mr\/index.php?rest_route=\/wp\/v2\/users\/2"}],"replies":[{"embeddable":true,"href":"https:\/\/ladepeche.mr\/index.php?rest_route=%2Fwp%2Fv2%2Fcomments&post=4773"}],"version-history":[{"count":4,"href":"https:\/\/ladepeche.mr\/index.php?rest_route=\/wp\/v2\/posts\/4773\/revisions"}],"predecessor-version":[{"id":4778,"href":"https:\/\/ladepeche.mr\/index.php?rest_route=\/wp\/v2\/posts\/4773\/revisions\/4778"}],"wp:featuredmedia":[{"embeddable":true,"href":"https:\/\/ladepeche.mr\/index.php?rest_route=\/wp\/v2\/media\/4774"}],"wp:attachment":[{"href":"https:\/\/ladepeche.mr\/index.php?rest_route=%2Fwp%2Fv2%2Fmedia&parent=4773"}],"wp:term":[{"taxonomy":"category","embeddable":true,"href":"https:\/\/ladepeche.mr\/index.php?rest_route=%2Fwp%2Fv2%2Fcategories&post=4773"},{"taxonomy":"post_tag","embeddable":true,"href":"https:\/\/ladepeche.mr\/index.php?rest_route=%2Fwp%2Fv2%2Ftags&post=4773"}],"curies":[{"name":"wp","href":"https:\/\/api.w.org\/{rel}","templated":true}]}}