{"id":4796,"date":"2023-03-16T11:29:04","date_gmt":"2023-03-16T11:29:04","guid":{"rendered":"https:\/\/ladepeche.mr\/?p=4796"},"modified":"2023-03-16T17:57:26","modified_gmt":"2023-03-16T17:57:26","slug":"tentative-avortee-devasion-des-terroristes-larrestation-de-lideologue-de-aqmi-majlissi-a-t-elle-un-lien-avec-la-mutinerie-a-la-prison-civile-de-nouakchott","status":"publish","type":"post","link":"https:\/\/ladepeche.mr\/?p=4796","title":{"rendered":"Tentative d\u2019\u00e9vasion avort\u00e9e des terroristes : l\u2019arrestation de l\u2019id\u00e9ologue de AQMI, \u00abMajlissi \u00bb a-t-elle un lien avec la mutinerie \u00e0 la prison civile de Nouakchott?"},"content":{"rendered":"<p>Les autorit\u00e9s s\u00e9curitaires ont, selon nos confr\u00e8res de \u00abCridem \u00bb, proc\u00e9d\u00e9 mercredi \u00e0 l\u2019arrestation du pr\u00e9dicateur, proche de Al Qaeda au Maghreb Islamique (AQMI), Mohamed Salem Ould Mohamed Al-Amine dit \u00ab al-Majlissi \u00bb. Quoiqu\u2019apparemment rang\u00e9 ces derniers temps, \u00abMajlissi \u00bb aurait-il rompu le pacte conclu?<\/p>\n<p>Dimanche 5 mars 2023, une mutinerie \u00e9clate \u00e0 la prison civile de Nouakchott. Les terroristes tuent deux \u00e9l\u00e9ments de la garde nationale et en blessent deux autres avant de prendre la fuite. Ils sont rattrap\u00e9s samedi 11 mars 2023 et 3 d\u2019entre tu\u00e9s lors d\u2019un accrochage avec des unit\u00e9s d\u2019\u00e9lites de la gendarmerie en Adrar. Un 4\u00e8me a \u00e9t\u00e9 fait prisonnier alors que les forces de s\u00e9curit\u00e9 y ont perdu un martyr.<br \/>\nUne affaire qui m\u00eame si elle ne constitue pas v\u00e9ritablement une attaque men\u00e9e et perp\u00e9tr\u00e9e de l\u2019ext\u00e9rieur tranche avec l\u2019image de qui\u00e9tude et de paix que notre pays offrait au reste du monde dans cette r\u00e9gion min\u00e9e par l\u2019instabilit\u00e9.  L\u2019arrestation de \u00ab Majlissi \u00bb qui s\u2019op\u00e8re donc au lendemain de la fin de la cavale de 4 terroristes prisonniers, repose aussi le d\u00e9bat sur la situation s\u00e9curitaire du pays en g\u00e9n\u00e9ral ; sur celle de la pr\u00e9sence -ou non- de cellules terroristes dormantes. Ou est-ce finalement, nous qui nous nous sommes endormis sur nos lauriers de pays \u00e9tanche aux attaques terroristes et avons d\u00e9lib\u00e9r\u00e9ment n\u00e9glig\u00e9 des terroristes entre nos mains?<br \/>\nComment d\u2019ailleurs, avec la citation d\u2019\u00e9l\u00e9ments \u00e9trangers dans cette affaire, ne pas rappeler la co\u00efncidence de ce subit \u00ab regain d\u2019int\u00e9r\u00eat\u00bb \u00e0 la Mauritanie avec l\u2019exploitation imminente de mannes naturelles ? L\u2019imagination devrait m\u00eame nous pousser \u00e0 se demander s\u2019il n\u2019y a pas d\u2019autres mains derri\u00e8re cette affaire qui devraient nous alerter sur les changements qui s\u2019op\u00e8rent in\u00e9luctablement.<br \/>\nL\u2019\u00e9v\u00e9nement gravement rocambolesque donne, en tout cas, \u00e0 r\u00e9fl\u00e9chir. Comment les terroristes ont-ils pu b\u00e9n\u00e9ficier de tant de laxisme ? Quelles \u00e9taient les failles techniques ou physiques d\u00e9terminantes dans l\u2019\u00e9vasion des terroristes ? Quelle serait l\u2019ampleur des complicit\u00e9s et de qui sont-elles venues ? Comment se fait-il que depuis mercredi, 4 jours avant leur interception, les terroristes, suivant les t\u00e9moignages, tournaient en rond dans l\u2019Adrar, sans \u00eatre inqui\u00e9t\u00e9s ? Comment ont-ils fait pour sortir de Nouakchott et parcourir au moins 450 km vers le nord, sans \u00eatre signal\u00e9s ? Il y a assur\u00e9ment beaucoup de zones d\u2019ombre dans cette affaire que les autorit\u00e9s doivent prendre au s\u00e9rieux. Mais \u00e0 quelque chose donc malheur est bon. Plus de place \u00e0 la nonchalance, aux certitudes bien ancr\u00e9es. Le terrorisme n\u2019a jamais pr\u00e9venu. Aucun Etat n\u2019en est totalement pr\u00e9muni. La Mauritanie s\u2019est engag\u00e9e \u00e0 le combattre seule et dans le cadre d\u2019accords inter\u00e9tatiques.  La  responsabilit\u00e9 de la s\u00e9curit\u00e9 incombe \u00e0 l\u2019Etat qui devrait la procurer aux citoyens.<br \/>\nDes signes sont encourageants. Des mesures dont le limogeage du responsable de la prison de Nouakchott ont \u00e9t\u00e9 rapidement prises et l\u2019enqu\u00eate se corse aujourd\u2019hui avec la fin des op\u00e9rations de recherche des fugitifs tu\u00e9s. L\u2019\u00e9tau se resserre contre les \u00e9ventuelles complicit\u00e9s dans cette affaire. Une premi\u00e8re arrestation est op\u00e9r\u00e9e vers Bassiknou. Un jeune, identifi\u00e9 comme un touareg, qui aurait livr\u00e9 le v\u00e9hicule 4&#215;4 ayant servi \u00e0 la fuite des terroristes, aurait \u00e9t\u00e9 fait prisonnier par la police et achemin\u00e9 vers Nouakchott. Une \u00e9ventualit\u00e9 qui cr\u00e9dite l&#8217;option d&#8217;un appui &#8220;logistique&#8221; de Al Qaeda au Maghreb Islamique.<br \/>\nPlusieurs fois cit\u00e9 et m\u00eame condamn\u00e9 pour terrorisme, Mohamed Salem Ould Mohamed Al-Amine dit \u00ab al-Majlissi\u00bb, qui semblait avoir d\u00e9pos\u00e9 les armes et s\u2019\u00eatre repenti de la violence, n\u2019est pas un inconnu de ce milieu o\u00f9 il fait office d\u2019id\u00e9ologue. Il avait d\u00e9j\u00e0 \u00e9t\u00e9 condamn\u00e9 pour complicit\u00e9 dans l\u2019attentat contre des touristes fran\u00e7ais tu\u00e9s pr\u00e8s d\u2019Aleg, en 2007. Les autorit\u00e9s s\u00e9curitaires auraient s\u00e9questr\u00e9 ses moyens de communications et l\u2019auraient emmen\u00e9 dans une direction encore inconnue. D\u2019ailleurs, les personnes condamn\u00e9es pour terrorisme ne devraient pas \u00eatre gard\u00e9s dans le centre-ville. Le lieu de d\u00e9tention doit aider \u00e0 la maitrise et au contr\u00f4le s\u00e9curitaires en tout temps. Dans le sillage de ces enqu\u00eates, des sources m\u00e9diatiques citent aussi le nom du leader de Al Qaeda, \u00abAbou Talha Al-Libi\u00bb, qui se trouverait dans le nord-Mali, comme instigateur de cette tentative avort\u00e9e d\u2019\u00e9vasion. Ce sera peut-\u00eatre la connexion avec la personne arr\u00eat\u00e9e \u00e0 Bassiknou qui avait livr\u00e9e le v\u00e9hicule destin\u00e9 aux terroristes.<br \/>\nDepuis 2011, on observe l\u2019accalmie \u00e0 l\u2019int\u00e9rieur de nos fronti\u00e8res. Tout cela parce que les forces de d\u00e9fense et de s\u00e9curit\u00e9 sont aujourd\u2019hui mieux form\u00e9es et mieux \u00e9quip\u00e9es et que leurs conditions de vie ont \u00e9t\u00e9 am\u00e9lior\u00e9es. Il y a aussi eu la gestion et l\u2019occupation du territoire, le corridor de s\u00e9curit\u00e9 impos\u00e9 au Nord apr\u00e8s les attaques meurtri\u00e8res de Lemgheyti (2005), en passant par les attentats d\u2019Aleg et Al Ghalawiya (2007), Tourine et Nouakchott 2008 et 2009\u2026Nous y avons pay\u00e9 un lourd tribut en vies humaines. Les cons\u00e9quences \u00e9conomiques \u00e9taient d\u00e9sastreuses aussi. Une r\u00e9alit\u00e9 qui a permis \u00e0 la Mauritanie de d\u00e9couvrir am\u00e8rement le visage odieux du terrorisme qui avait emball\u00e9 ses enfants \u00e9gar\u00e9s\u2026Aujourd\u2019hui rien ne doit plus \u00eatre laiss\u00e9s au hasard.<br \/>\nJD<\/p>\n","protected":false},"excerpt":{"rendered":"<p>Les autorit\u00e9s s\u00e9curitaires ont, selon nos confr\u00e8res de \u00abCridem \u00bb, proc\u00e9d\u00e9 mercredi \u00e0 l\u2019arrestation du pr\u00e9dicateur, proche de Al Qaeda au Maghreb Islamique (AQMI), Mohamed Salem Ould Mohamed Al-Amine dit \u00ab al-Majlissi \u00bb. Quoiqu\u2019apparemment rang\u00e9 ces derniers temps, \u00abMajlissi \u00bb aurait-il rompu le pacte conclu? Dimanche 5 mars 2023, une mutinerie \u00e9clate \u00e0 la prison &hellip;<\/p>\n","protected":false},"author":2,"featured_media":4795,"comment_status":"open","ping_status":"open","sticky":false,"template":"","format":"standard","meta":{"footnotes":""},"categories":[18],"tags":[],"class_list":["post-4796","post","type-post","status-publish","format-standard","has-post-thumbnail","hentry","category-actualites"],"_links":{"self":[{"href":"https:\/\/ladepeche.mr\/index.php?rest_route=\/wp\/v2\/posts\/4796","targetHints":{"allow":["GET"]}}],"collection":[{"href":"https:\/\/ladepeche.mr\/index.php?rest_route=\/wp\/v2\/posts"}],"about":[{"href":"https:\/\/ladepeche.mr\/index.php?rest_route=\/wp\/v2\/types\/post"}],"author":[{"embeddable":true,"href":"https:\/\/ladepeche.mr\/index.php?rest_route=\/wp\/v2\/users\/2"}],"replies":[{"embeddable":true,"href":"https:\/\/ladepeche.mr\/index.php?rest_route=%2Fwp%2Fv2%2Fcomments&post=4796"}],"version-history":[{"count":4,"href":"https:\/\/ladepeche.mr\/index.php?rest_route=\/wp\/v2\/posts\/4796\/revisions"}],"predecessor-version":[{"id":4814,"href":"https:\/\/ladepeche.mr\/index.php?rest_route=\/wp\/v2\/posts\/4796\/revisions\/4814"}],"wp:featuredmedia":[{"embeddable":true,"href":"https:\/\/ladepeche.mr\/index.php?rest_route=\/wp\/v2\/media\/4795"}],"wp:attachment":[{"href":"https:\/\/ladepeche.mr\/index.php?rest_route=%2Fwp%2Fv2%2Fmedia&parent=4796"}],"wp:term":[{"taxonomy":"category","embeddable":true,"href":"https:\/\/ladepeche.mr\/index.php?rest_route=%2Fwp%2Fv2%2Fcategories&post=4796"},{"taxonomy":"post_tag","embeddable":true,"href":"https:\/\/ladepeche.mr\/index.php?rest_route=%2Fwp%2Fv2%2Ftags&post=4796"}],"curies":[{"name":"wp","href":"https:\/\/api.w.org\/{rel}","templated":true}]}}