{"id":4801,"date":"2023-03-16T15:08:45","date_gmt":"2023-03-16T15:08:45","guid":{"rendered":"https:\/\/ladepeche.mr\/?p=4801"},"modified":"2023-03-16T15:08:45","modified_gmt":"2023-03-16T15:08:45","slug":"senegal-proces-sous-tension-de-lopposant-ousmane-sonko","status":"publish","type":"post","link":"https:\/\/ladepeche.mr\/?p=4801","title":{"rendered":"S\u00e9n\u00e9gal : proc\u00e8s sous tension de l&#8217;opposant Ousmane Sonko"},"content":{"rendered":"<p>Ousmane Sonko doit comparaitre jeudi devant un tribunal de Dakar. C\u2019est sous bonne escorte polici\u00e8re que l\u2019opposant s\u00e9n\u00e9galais a quitt\u00e9 son domicile. Sans ses partisans, bloqu\u00e9s par les forces de s\u00e9curit\u00e9 qui quadrillaient son quartier.<br \/>\nEngins blind\u00e9s, gendarmes mobiles et barrages, rien n\u2019a \u00e9t\u00e9 laiss\u00e9 au hasard.<br \/>\nIl est est poursuivi par le ministre s\u00e9n\u00e9galais du tourisme pour &#8220;diffamation, injures et faux&#8221;.<br \/>\nMame Mbaye Niang, reproche \u00e0 l\u2019opposant d&#8217;avoir d\u00e9clar\u00e9 qu&#8217;il avait \u00e9t\u00e9 \u00e9pingl\u00e9 par un rapport de l&#8217;Inspection g\u00e9n\u00e9rale d&#8217;Etat (Ige) pour sa gestion d&#8217;un fonds d&#8217;un programme agricole pour l&#8217;emploi des jeunes.<br \/>\nMais pas que, le leader des patriotes du S\u00e9n\u00e9gal pour le travail, l\u2019\u00e9thique et la fraternit\u00e9 est aussi accus\u00e9 de viol.<br \/>\nMardi, lors d\u2019un rassemblement \u00e0 Dakar, ses partisans ont d\u00e9nonc\u00e9 une nouvelle fois, une ruse du pouvoir pour \u00e9carter l\u2019opposant de la course \u00e0 la pr\u00e9sidentielle de 2024.<br \/>\nhttps:\/\/fr.africanews.com\/2023\/03\/16\/senegal-proces-sous-tension-de-lopposant-ousmane-sonko\/\/<\/p>\n","protected":false},"excerpt":{"rendered":"<p>Ousmane Sonko doit comparaitre jeudi devant un tribunal de Dakar. C\u2019est sous bonne escorte polici\u00e8re que l\u2019opposant s\u00e9n\u00e9galais a quitt\u00e9 son domicile. Sans ses partisans, bloqu\u00e9s par les forces de s\u00e9curit\u00e9 qui quadrillaient son quartier. Engins blind\u00e9s, gendarmes mobiles et barrages, rien n\u2019a \u00e9t\u00e9 laiss\u00e9 au hasard. Il est est poursuivi par le ministre s\u00e9n\u00e9galais &hellip;<\/p>\n","protected":false},"author":2,"featured_media":4802,"comment_status":"open","ping_status":"open","sticky":false,"template":"","format":"standard","meta":{"footnotes":""},"categories":[18,29],"tags":[],"class_list":["post-4801","post","type-post","status-publish","format-standard","has-post-thumbnail","hentry","category-actualites","category-monde"],"_links":{"self":[{"href":"https:\/\/ladepeche.mr\/index.php?rest_route=\/wp\/v2\/posts\/4801","targetHints":{"allow":["GET"]}}],"collection":[{"href":"https:\/\/ladepeche.mr\/index.php?rest_route=\/wp\/v2\/posts"}],"about":[{"href":"https:\/\/ladepeche.mr\/index.php?rest_route=\/wp\/v2\/types\/post"}],"author":[{"embeddable":true,"href":"https:\/\/ladepeche.mr\/index.php?rest_route=\/wp\/v2\/users\/2"}],"replies":[{"embeddable":true,"href":"https:\/\/ladepeche.mr\/index.php?rest_route=%2Fwp%2Fv2%2Fcomments&post=4801"}],"version-history":[{"count":1,"href":"https:\/\/ladepeche.mr\/index.php?rest_route=\/wp\/v2\/posts\/4801\/revisions"}],"predecessor-version":[{"id":4803,"href":"https:\/\/ladepeche.mr\/index.php?rest_route=\/wp\/v2\/posts\/4801\/revisions\/4803"}],"wp:featuredmedia":[{"embeddable":true,"href":"https:\/\/ladepeche.mr\/index.php?rest_route=\/wp\/v2\/media\/4802"}],"wp:attachment":[{"href":"https:\/\/ladepeche.mr\/index.php?rest_route=%2Fwp%2Fv2%2Fmedia&parent=4801"}],"wp:term":[{"taxonomy":"category","embeddable":true,"href":"https:\/\/ladepeche.mr\/index.php?rest_route=%2Fwp%2Fv2%2Fcategories&post=4801"},{"taxonomy":"post_tag","embeddable":true,"href":"https:\/\/ladepeche.mr\/index.php?rest_route=%2Fwp%2Fv2%2Ftags&post=4801"}],"curies":[{"name":"wp","href":"https:\/\/api.w.org\/{rel}","templated":true}]}}