{"id":4804,"date":"2023-03-16T15:17:49","date_gmt":"2023-03-16T15:17:49","guid":{"rendered":"https:\/\/ladepeche.mr\/?p=4804"},"modified":"2023-03-16T15:17:49","modified_gmt":"2023-03-16T15:17:49","slug":"le-president-de-la-republique-preside-la-ceremonie-douverture-de-la-49e-session-du-conseil-des-ministres-des-affaires-etrangeres-de-loci","status":"publish","type":"post","link":"https:\/\/ladepeche.mr\/?p=4804","title":{"rendered":"Le Pr\u00e9sident de la R\u00e9publique pr\u00e9side la c\u00e9r\u00e9monie d\u2019ouverture de la 49e session du conseil des ministres des Affaires \u00e9trang\u00e8res de l\u2019OCI"},"content":{"rendered":"<p>Son Excellence, le Pr\u00e9sident de la R\u00e9publique, Monsieur Mohamed Ould Cheikh El Ghazouni, a pr\u00e9sid\u00e9, ce jeudi \u00e0 Nouakchott au centre international des conf\u00e9rences Al Mourabitoune, la c\u00e9r\u00e9monie d\u2019ouverture de la 49e session du conseil des ministres des Affaires \u00e9trang\u00e8res des pays membres de l\u2019Organisation de la Coop\u00e9ration islamique (OCI) qui se d\u00e9roule du 16 au 17 mars.<\/p>\n<p>Il est attendu que la Mauritanie prenne la pr\u00e9sidence du conseil des ministres des Affaires \u00e9trang\u00e8res de l\u2019OCI, en remplacement du Pakistan dont le mandat vient de s\u2019achever.<\/p>\n<p>Deux jours durant, les pays membres de l\u2019OCI discuteront des d\u00e9fis majeurs auxquels ils sont confront\u00e9s et les voies et moyens de les surmonter. La solidarit\u00e9 islamique, le d\u00e9veloppement \u00e9conomique et social et la lutte contre l\u2019extr\u00e9misme, seront au c\u0153ur des d\u00e9bats de cet important forum de la coop\u00e9ration islamique.<br \/>\nAmi<\/p>\n","protected":false},"excerpt":{"rendered":"<p>Son Excellence, le Pr\u00e9sident de la R\u00e9publique, Monsieur Mohamed Ould Cheikh El Ghazouni, a pr\u00e9sid\u00e9, ce jeudi \u00e0 Nouakchott au centre international des conf\u00e9rences Al Mourabitoune, la c\u00e9r\u00e9monie d\u2019ouverture de la 49e session du conseil des ministres des Affaires \u00e9trang\u00e8res des pays membres de l\u2019Organisation de la Coop\u00e9ration islamique (OCI) qui se d\u00e9roule du 16 &hellip;<\/p>\n","protected":false},"author":2,"featured_media":4805,"comment_status":"open","ping_status":"open","sticky":false,"template":"","format":"standard","meta":{"footnotes":""},"categories":[18,29],"tags":[],"class_list":["post-4804","post","type-post","status-publish","format-standard","has-post-thumbnail","hentry","category-actualites","category-monde"],"_links":{"self":[{"href":"https:\/\/ladepeche.mr\/index.php?rest_route=\/wp\/v2\/posts\/4804","targetHints":{"allow":["GET"]}}],"collection":[{"href":"https:\/\/ladepeche.mr\/index.php?rest_route=\/wp\/v2\/posts"}],"about":[{"href":"https:\/\/ladepeche.mr\/index.php?rest_route=\/wp\/v2\/types\/post"}],"author":[{"embeddable":true,"href":"https:\/\/ladepeche.mr\/index.php?rest_route=\/wp\/v2\/users\/2"}],"replies":[{"embeddable":true,"href":"https:\/\/ladepeche.mr\/index.php?rest_route=%2Fwp%2Fv2%2Fcomments&post=4804"}],"version-history":[{"count":1,"href":"https:\/\/ladepeche.mr\/index.php?rest_route=\/wp\/v2\/posts\/4804\/revisions"}],"predecessor-version":[{"id":4806,"href":"https:\/\/ladepeche.mr\/index.php?rest_route=\/wp\/v2\/posts\/4804\/revisions\/4806"}],"wp:featuredmedia":[{"embeddable":true,"href":"https:\/\/ladepeche.mr\/index.php?rest_route=\/wp\/v2\/media\/4805"}],"wp:attachment":[{"href":"https:\/\/ladepeche.mr\/index.php?rest_route=%2Fwp%2Fv2%2Fmedia&parent=4804"}],"wp:term":[{"taxonomy":"category","embeddable":true,"href":"https:\/\/ladepeche.mr\/index.php?rest_route=%2Fwp%2Fv2%2Fcategories&post=4804"},{"taxonomy":"post_tag","embeddable":true,"href":"https:\/\/ladepeche.mr\/index.php?rest_route=%2Fwp%2Fv2%2Ftags&post=4804"}],"curies":[{"name":"wp","href":"https:\/\/api.w.org\/{rel}","templated":true}]}}