{"id":4818,"date":"2023-03-16T20:07:23","date_gmt":"2023-03-16T20:07:23","guid":{"rendered":"https:\/\/ladepeche.mr\/?p=4818"},"modified":"2023-03-16T20:07:23","modified_gmt":"2023-03-16T20:07:23","slug":"le-projet-moudoun-organise-un-atelier-sur-la-resilience-urbaine-pour-les-villes-de-rosso-et-kaedi","status":"publish","type":"post","link":"https:\/\/ladepeche.mr\/?p=4818","title":{"rendered":"Le projet &#8220;Moudoun&#8221; organise un atelier sur la r\u00e9silience urbaine\u00a0 pour les villes de Rosso et Ka\u00e9di"},"content":{"rendered":"<p>Le secr\u00e9taire g\u00e9n\u00e9ral, Par int\u00e9rim, \u00a0M. Ezzedine Ould Daddah, a supervis\u00e9, ce\u00a0 jeudi matin, \u00e0 Nouakchott, \u00a0le lancement d\u2019un atelier sur les m\u00e9canismes d&#8217;integration d&#8217;un nouveau volet du projet \u00ab Moudoun \u00bb, li\u00e9 \u00e0 la r\u00e9silience\u00a0 urbaine des villes de Rosso et Ka\u00e9di, organis\u00e9 par le Projet d&#8217;Appui \u00e0 la D\u00e9centralisation et des Villes Interm\u00e9diaires Productives, rattach\u00e9 au Minist\u00e8re des Affaires Economiques et de la Promotion des Secteurs productifs. <\/p>\n<p>Dans un mot prononc\u00e9\u00a0 \u00e0 la circonstance,\u00a0 le Secr\u00e9taire g\u00e9n\u00e9ral par int\u00e9rim\u00a0 a indiqu\u00e9 que cet atelier vise \u00e0 se concerter sur une nouvelle composante du projet Moudoun d\u00e9nomm\u00e9e \u00ab R\u00e9silience urbaine face aux effets des inondations \u00bb, \u00a0et sur les modalit\u00e9s de mise en \u0153uvre de ladite \u00a0composante. <\/p>\n<p>Il a soulign\u00e9 que ce nouveau volet permettra de mobiliser, tr\u00e8s bient\u00f4t, \u00a0l&#8217;appui technique et l&#8217;expertise n\u00e9cessaires dans une approche qui tient compte de la n\u00e9cessit\u00e9 de mettre en \u0153uvre les activit\u00e9s dans le contexte spatial et temporel. <\/p>\n<p>Il a ajout\u00e9 que les deux villes\u00a0 b\u00e9n\u00e9ficiaires \u00a0de la \u00a0composante\u00a0 souffrent depuis quelque temps\u00a0 de certains probl\u00e8mes li\u00e9s au manque de \u00a0planification et \u00a0la gouvernance environnementale, en plus \u00a0d&#8217;autres facteurs, comme \u00a0l\u2019\u00e9l\u00e9vation du niveau du fleuve due aux \u00a0pluies. <\/p>\n<p>Le projet \u00ab Moudoun\u00bb, financ\u00e9 par le gouvernement mauritanien\u00a0 avec le soutien de la Banque mondiale, vise \u00e0 accro\u00eetre le dynamisme \u00e9conomique des\u00a0 Sept villes qui\u00a0 en b\u00e9n\u00e9ficient : Rosso, Selibabi, Kiffa, A\u00efoun, Nema, Adel Bagrou, et Bassiknou; et ce, \u00e0 travers d&#8217;importantes actions visant l\u2019am\u00e9lioration de \u00a0ces agglom\u00e9rations urbaines.<br \/>\n\u00a0<br \/>\n\u00a0<\/p>\n","protected":false},"excerpt":{"rendered":"<p>Le secr\u00e9taire g\u00e9n\u00e9ral, Par int\u00e9rim, \u00a0M. Ezzedine Ould Daddah, a supervis\u00e9, ce\u00a0 jeudi matin, \u00e0 Nouakchott, \u00a0le lancement d\u2019un atelier sur les m\u00e9canismes d&#8217;integration d&#8217;un nouveau volet du projet \u00ab Moudoun \u00bb, li\u00e9 \u00e0 la r\u00e9silience\u00a0 urbaine des villes de Rosso et Ka\u00e9di, organis\u00e9 par le Projet d&#8217;Appui \u00e0 la D\u00e9centralisation et des Villes Interm\u00e9diaires &hellip;<\/p>\n","protected":false},"author":2,"featured_media":4820,"comment_status":"open","ping_status":"open","sticky":false,"template":"","format":"standard","meta":{"footnotes":""},"categories":[18,2],"tags":[],"class_list":["post-4818","post","type-post","status-publish","format-standard","has-post-thumbnail","hentry","category-actualites","category-economie"],"_links":{"self":[{"href":"https:\/\/ladepeche.mr\/index.php?rest_route=\/wp\/v2\/posts\/4818","targetHints":{"allow":["GET"]}}],"collection":[{"href":"https:\/\/ladepeche.mr\/index.php?rest_route=\/wp\/v2\/posts"}],"about":[{"href":"https:\/\/ladepeche.mr\/index.php?rest_route=\/wp\/v2\/types\/post"}],"author":[{"embeddable":true,"href":"https:\/\/ladepeche.mr\/index.php?rest_route=\/wp\/v2\/users\/2"}],"replies":[{"embeddable":true,"href":"https:\/\/ladepeche.mr\/index.php?rest_route=%2Fwp%2Fv2%2Fcomments&post=4818"}],"version-history":[{"count":2,"href":"https:\/\/ladepeche.mr\/index.php?rest_route=\/wp\/v2\/posts\/4818\/revisions"}],"predecessor-version":[{"id":4821,"href":"https:\/\/ladepeche.mr\/index.php?rest_route=\/wp\/v2\/posts\/4818\/revisions\/4821"}],"wp:featuredmedia":[{"embeddable":true,"href":"https:\/\/ladepeche.mr\/index.php?rest_route=\/wp\/v2\/media\/4820"}],"wp:attachment":[{"href":"https:\/\/ladepeche.mr\/index.php?rest_route=%2Fwp%2Fv2%2Fmedia&parent=4818"}],"wp:term":[{"taxonomy":"category","embeddable":true,"href":"https:\/\/ladepeche.mr\/index.php?rest_route=%2Fwp%2Fv2%2Fcategories&post=4818"},{"taxonomy":"post_tag","embeddable":true,"href":"https:\/\/ladepeche.mr\/index.php?rest_route=%2Fwp%2Fv2%2Ftags&post=4818"}],"curies":[{"name":"wp","href":"https:\/\/api.w.org\/{rel}","templated":true}]}}