{"id":4825,"date":"2023-03-17T20:18:15","date_gmt":"2023-03-17T20:18:15","guid":{"rendered":"https:\/\/ladepeche.mr\/?p=4825"},"modified":"2023-03-17T20:18:15","modified_gmt":"2023-03-17T20:18:15","slug":"dusseldorf-khadijettou-mohamed-mahmoud-victime-de-viol-denonce-limpunite-que-lalgerie-assure-a-brahim-ghali-%ef%bf%bc","status":"publish","type":"post","link":"https:\/\/ladepeche.mr\/?p=4825","title":{"rendered":"D\u00fcsseldorf- Khadijettou Mohamed Mahmoud, victime de viol, d\u00e9nonce l\u2019impunit\u00e9 que l\u2019Algerie assure \u00e0 Brahim Ghali  \ufffc"},"content":{"rendered":"<p>Viol\u00e9e en 2010 \u00e0 Alger par le chef du mouvement du Polisario Brahim Ghali, une sahraouie, Khadijettou Mohamed Mahmoud, a d\u00e9nonc\u00e9, le 16 mars 2023, lors d\u2019une conf\u00e9rence tenue \u00e0 D\u00fcsseldorf \u00e0 la salle \u00ab Joseph Von Eichendorff \u00bb de la Fondation \u201c Das Gerhart-Hauptmann-Haus\u2019\u2019, l\u2019impunit\u00e9 que lui assure l\u2019Alg\u00e9rie.<\/p>\n<p>Cette conf\u00e9rence, organis\u00e9e sous le th\u00e8me \u201c Violences sexuelles dans la politique\u201d,<br \/>\nintervient une semaine apr\u00e8s la comm\u00e9moration de la journ\u00e9e internationale des droits des femmes. Une occasion pour Khadijettou Mohamed Mahmoud de faire entendre sa voix en d\u00e9crivant la souffrance v\u00e9cue en tant que jeune fille \u00e0 l\u2019int\u00e9rieur de la repr\u00e9sentation du Polisario \u00e0 Alger, dirig\u00e9e \u00e0 l\u2019\u00e9poque par l\u2019actuel chef du mouvement s\u00e9paratiste Brahim Ghali.<\/p>\n<p>Devant de nombreux invit\u00e9s, Khadijettou Mohamed n\u2019a pas h\u00e9sit\u00e9 \u00e0 revenir sur son clavaire en retra\u00e7ant l\u2019\u00e9preuve subie \u00e0 l\u2019\u00e2ge de 18 ans et le viol dont elle a \u00e9t\u00e9 victime de la part du chef du mouvement s\u00e9paratiste du Polisario, Brahim Ghali, tout en regrettant que ce dernier ne rende pas compte de son crime.<\/p>\n<p>Originaire de Tindouf, Khadjettou d\u00e9nonce aussi l\u2019absence d\u2019accompagnement de la part de la soci\u00e9t\u00e9 en g\u00e9n\u00e9ral, comme elle fustige le silence coupable des autorit\u00e9s alg\u00e9riennes en particulier, qui continuent de couvrir cette agression sexuelle, pourtant punie par la loi.<\/p>\n<p>Khadijettou a encore partag\u00e9 la difficult\u00e9 de son combat et le calvaire endur\u00e9 \u00e0 vouloir r\u00e9parer ce crime odieux, affirmant qu\u2019elle ne se lassera pas de ce combat jusqu\u2019\u00e0 obtenir gain de cause devant les tribunaux d\u2019Espagne, o\u00f9 une plainte a \u00e9t\u00e9 d\u00e9pos\u00e9e, en date du 14 janvier 2013, par l\u2019Avocat de Khadijatou, Maitre Agustin de La Cruz Fernandez, \u00e0 titre b\u00e9n\u00e9vole.<\/p>\n<p>Dans ce t\u00e9moignage accablant, elle d\u00e9crit \u00e9galement les conditions inhumaines pr\u00e9valant dans les camps de Tindouf en Alg\u00e9rie, o\u00f9 vivent toujours des populations s\u00e9questr\u00e9es. Elle t\u00e9moigne, au passage, de la violation syst\u00e9matiquement des droits des r\u00e9fugi\u00e9s, droits bafou\u00e9s par les dirigeants du Front Polisario.<br \/>\nKhadija Mahmoud a par la suite d\u00e9nonc\u00e9 la corruption end\u00e9mique qui pr\u00e9vaut au sein de la direction du Polisario et le d\u00e9tournement r\u00e9gulier des aides humanitaires internationales par ces m\u00eames hauts cadres s\u00e9paratistes.<\/p>\n<p>Khadijettou Mohamed Mahmoud a enfin ponctu\u00e9 ses propos par un appel aux autorit\u00e9s allemandes en vue de contribuer et sensibiliser pour la promotion des droits de l\u2019homme et en particulier ceux rattach\u00e9s \u00e0 La d\u00e9fense des droits des femmes et des filles sahraouies. Des droits qu\u2019elle dit \u00eatre spoli\u00e9s tous jours dans les camps des s\u00e9questr\u00e9s en Alg\u00e9rie.<\/p>\n<p>Notons que cette conf\u00e9rence a r\u00e9uni plusieurs participants y compris des femmes connues comme Mme Sarah Lee Heinrich, Pr\u00e9sidente du Bureau F\u00e9d\u00e9ral de la Jeunesse des Verts allemands; Mme Franziska Brandmann, Pr\u00e9sidente du Bureau F\u00e9d\u00e9ral de la Jeunesse Lib\u00e9rale allemande; Mme Christina Kampmann, Porte-parole pour la politique int\u00e9rieure du Groupe parlementaire SPD au Parlement de la Rh\u00e9nanie-Nord-Westphalie; ou encore Mme Tessniem Kadiri, journaliste et pr\u00e9sentatrice d&#8217;\u00e9missions \u00e0 la t\u00e9l\u00e9vision allemande.<br \/>\n(Avec m\u00e9dia)<\/p>\n","protected":false},"excerpt":{"rendered":"<p>Viol\u00e9e en 2010 \u00e0 Alger par le chef du mouvement du Polisario Brahim Ghali, une sahraouie, Khadijettou Mohamed Mahmoud, a d\u00e9nonc\u00e9, le 16 mars 2023, lors d\u2019une conf\u00e9rence tenue \u00e0 D\u00fcsseldorf \u00e0 la salle \u00ab Joseph Von Eichendorff \u00bb de la Fondation \u201c Das Gerhart-Hauptmann-Haus\u2019\u2019, l\u2019impunit\u00e9 que lui assure l\u2019Alg\u00e9rie. Cette conf\u00e9rence, organis\u00e9e sous le &hellip;<\/p>\n","protected":false},"author":2,"featured_media":4826,"comment_status":"open","ping_status":"open","sticky":false,"template":"","format":"standard","meta":{"footnotes":""},"categories":[18,29],"tags":[],"class_list":["post-4825","post","type-post","status-publish","format-standard","has-post-thumbnail","hentry","category-actualites","category-monde"],"_links":{"self":[{"href":"https:\/\/ladepeche.mr\/index.php?rest_route=\/wp\/v2\/posts\/4825","targetHints":{"allow":["GET"]}}],"collection":[{"href":"https:\/\/ladepeche.mr\/index.php?rest_route=\/wp\/v2\/posts"}],"about":[{"href":"https:\/\/ladepeche.mr\/index.php?rest_route=\/wp\/v2\/types\/post"}],"author":[{"embeddable":true,"href":"https:\/\/ladepeche.mr\/index.php?rest_route=\/wp\/v2\/users\/2"}],"replies":[{"embeddable":true,"href":"https:\/\/ladepeche.mr\/index.php?rest_route=%2Fwp%2Fv2%2Fcomments&post=4825"}],"version-history":[{"count":1,"href":"https:\/\/ladepeche.mr\/index.php?rest_route=\/wp\/v2\/posts\/4825\/revisions"}],"predecessor-version":[{"id":4827,"href":"https:\/\/ladepeche.mr\/index.php?rest_route=\/wp\/v2\/posts\/4825\/revisions\/4827"}],"wp:featuredmedia":[{"embeddable":true,"href":"https:\/\/ladepeche.mr\/index.php?rest_route=\/wp\/v2\/media\/4826"}],"wp:attachment":[{"href":"https:\/\/ladepeche.mr\/index.php?rest_route=%2Fwp%2Fv2%2Fmedia&parent=4825"}],"wp:term":[{"taxonomy":"category","embeddable":true,"href":"https:\/\/ladepeche.mr\/index.php?rest_route=%2Fwp%2Fv2%2Fcategories&post=4825"},{"taxonomy":"post_tag","embeddable":true,"href":"https:\/\/ladepeche.mr\/index.php?rest_route=%2Fwp%2Fv2%2Ftags&post=4825"}],"curies":[{"name":"wp","href":"https:\/\/api.w.org\/{rel}","templated":true}]}}