{"id":4828,"date":"2023-03-17T20:36:45","date_gmt":"2023-03-17T20:36:45","guid":{"rendered":"https:\/\/ladepeche.mr\/?p=4828"},"modified":"2023-03-17T20:36:45","modified_gmt":"2023-03-17T20:36:45","slug":"afrique-les-etats-unis-allouent-des-aides-de-150-millions-de-dollars-a-la-region-du-sahel","status":"publish","type":"post","link":"https:\/\/ladepeche.mr\/?p=4828","title":{"rendered":"Afrique : les Etats-Unis allouent des aides de 150 millions de dollars \u00e0 la r\u00e9gion du Sahel"},"content":{"rendered":"<p> Le secr\u00e9taire d&#8217;\u00c9tat am\u00e9ricain Antony Blinken a annonc\u00e9, jeudi, des aides humanitaires de 150 millions de dollars pour la r\u00e9gion du Sahel africain.<\/p>\n<p>Lors de sa visite au Niger, il a d\u00e9clar\u00e9 aux m\u00e9dias que &#8220;ces aides visent \u00e0 apporter un soutien vital aux r\u00e9fugi\u00e9s et autres personnes touch\u00e9es par le conflit et l&#8217;ins\u00e9curit\u00e9 alimentaire&#8221;, selon le site Internet am\u00e9ricain &#8220;US News&#8221;.<\/p>\n<p>Il a ajout\u00e9 que l&#8217;aide r\u00e9pondrait aux besoins des personnes touch\u00e9es par l&#8217;ins\u00e9curit\u00e9 alimentaire au Niger, au Burkina Faso, au Tchad, au Mali et en Mauritanie.<\/p>\n<p>Blinken a indiqu\u00e9 que le paquet comprend \u00e9galement &#8220;un financement pour soutenir les r\u00e9fugi\u00e9s du Sahel en Libye et au Niger&#8221;.<\/p>\n<p>A noter que le responsable am\u00e9ricain est arriv\u00e9 au Niger en provenance d&#8217;Ethiopie, o\u00f9 il cl\u00f4tura ce vendredi sa tourn\u00e9e africaine, qui a d\u00e9but\u00e9 le 14 mars.<\/p>\n<p>*Traduit de l&#8217;arabe par Wejden Jlassi<br \/>\nhttps:\/\/www.aa.com.tr\/fr\/afrique\/afrique-les-etats-unis-allouent-des-aides-de-150-millions-de-dollars-%C3%A0-la-r%C3%A9gion-du-sahel\/2848083<\/p>\n","protected":false},"excerpt":{"rendered":"<p>Le secr\u00e9taire d&#8217;\u00c9tat am\u00e9ricain Antony Blinken a annonc\u00e9, jeudi, des aides humanitaires de 150 millions de dollars pour la r\u00e9gion du Sahel africain. Lors de sa visite au Niger, il a d\u00e9clar\u00e9 aux m\u00e9dias que &#8220;ces aides visent \u00e0 apporter un soutien vital aux r\u00e9fugi\u00e9s et autres personnes touch\u00e9es par le conflit et l&#8217;ins\u00e9curit\u00e9 alimentaire&#8221;, &hellip;<\/p>\n","protected":false},"author":2,"featured_media":4829,"comment_status":"open","ping_status":"open","sticky":false,"template":"","format":"standard","meta":{"footnotes":""},"categories":[18,29,28],"tags":[],"class_list":["post-4828","post","type-post","status-publish","format-standard","has-post-thumbnail","hentry","category-actualites","category-monde","category-sahel"],"_links":{"self":[{"href":"https:\/\/ladepeche.mr\/index.php?rest_route=\/wp\/v2\/posts\/4828","targetHints":{"allow":["GET"]}}],"collection":[{"href":"https:\/\/ladepeche.mr\/index.php?rest_route=\/wp\/v2\/posts"}],"about":[{"href":"https:\/\/ladepeche.mr\/index.php?rest_route=\/wp\/v2\/types\/post"}],"author":[{"embeddable":true,"href":"https:\/\/ladepeche.mr\/index.php?rest_route=\/wp\/v2\/users\/2"}],"replies":[{"embeddable":true,"href":"https:\/\/ladepeche.mr\/index.php?rest_route=%2Fwp%2Fv2%2Fcomments&post=4828"}],"version-history":[{"count":1,"href":"https:\/\/ladepeche.mr\/index.php?rest_route=\/wp\/v2\/posts\/4828\/revisions"}],"predecessor-version":[{"id":4830,"href":"https:\/\/ladepeche.mr\/index.php?rest_route=\/wp\/v2\/posts\/4828\/revisions\/4830"}],"wp:featuredmedia":[{"embeddable":true,"href":"https:\/\/ladepeche.mr\/index.php?rest_route=\/wp\/v2\/media\/4829"}],"wp:attachment":[{"href":"https:\/\/ladepeche.mr\/index.php?rest_route=%2Fwp%2Fv2%2Fmedia&parent=4828"}],"wp:term":[{"taxonomy":"category","embeddable":true,"href":"https:\/\/ladepeche.mr\/index.php?rest_route=%2Fwp%2Fv2%2Fcategories&post=4828"},{"taxonomy":"post_tag","embeddable":true,"href":"https:\/\/ladepeche.mr\/index.php?rest_route=%2Fwp%2Fv2%2Ftags&post=4828"}],"curies":[{"name":"wp","href":"https:\/\/api.w.org\/{rel}","templated":true}]}}