{"id":4834,"date":"2023-03-17T20:46:03","date_gmt":"2023-03-17T20:46:03","guid":{"rendered":"https:\/\/ladepeche.mr\/?p=4834"},"modified":"2023-03-17T20:46:03","modified_gmt":"2023-03-17T20:46:03","slug":"le-president-de-la-republique-supervise-le-lancement-de-la-premiere-edition-du-festival-de-djeol","status":"publish","type":"post","link":"https:\/\/ladepeche.mr\/?p=4834","title":{"rendered":"Le Pr\u00e9sident de la R\u00e9publique supervise le lancement de la premi\u00e8re \u00e9dition du festival de Djeol"},"content":{"rendered":"<p>Le Pr\u00e9sident de la R\u00e9publique, Son Excellence Monsieur Mohamed Ould Cheikh El Ghazouani a supervis\u00e9 ce vendredi \u00e0 Djeol, situ\u00e9 \u00e0 pr\u00e8s de 18 km au sud est de Ka\u00e9di (wilaya du Gorgol) la c\u00e9r\u00e9monie de lancement de la premi\u00e8re \u00e9dition du festival culturel qui porte le nom de la ville.<\/p>\n<p>Ce festival vise la pr\u00e9servation du patrimoine culturel et le renforcement du d\u00e9veloppement local dans la zone \u00e0 travers un paquet de projets qui d\u00e9marreront en marge de l\u2019\u00e9v\u00e8nement pour permettre aux citoyens d\u2019acc\u00e9der aux divers services de base.<br \/>\nDans le discours, qu\u2019il a prononc\u00e9 \u00e0 cette occasion, le ministre de la Culture, de la Jeunesse, des Sports et des Relations avec le Parlement, M. Mohamed Ould Soueidatt a d\u00e9clar\u00e9, en s\u2019adressant au Pr\u00e9sident de la R\u00e9publique, que ce festival culturel annuel est une preuve sinc\u00e8re de la foi de son Excellence en une Mauritanie unie dont le capital culturel est le r\u00e9sultat de la compl\u00e9mentarit\u00e9 des r\u00f4les entre toutes les composantes de la soci\u00e9t\u00e9, et la n\u00e9cessit\u00e9 qui en d\u00e9coule de reconna\u00eetre tous les efforts et contributions, afin d\u2019assurer la construction d\u2019une m\u00e9moire collective nationale qui permet \u00e0 chacune des composantes du pays de contribuer efficacement \u00e0 l\u2019\u00e9dification du pass\u00e9, du pr\u00e9sent et du futur de l\u2019histoire de la Mauritanie.<\/p>\n<p>Il a pr\u00e9cis\u00e9 que la vall\u00e9e a toujours \u00e9t\u00e9 un centre de propagation de la culture arabo-islamique qui a form\u00e9 des Oulemas, des juristes, des po\u00e8tes et des \u00e9ducateurs qui ont continu\u00e9 \u00e0 porter le flambeau de la propagation du savoir et \u00e0 faire de Djeol une ville qui consacre sa matin\u00e9e au travail et \u00e0 l\u2019enseignement et sa soir\u00e9e \u00e0 la r\u00e9citation du Saint Coran.<\/p>\n<p>M. Mohamed Ould Soueidatt a soulign\u00e9 que ce festival est l\u2019une des principales composantes de la partie culturelle des engagements du Pr\u00e9sident de la R\u00e9publique tout comme elle a \u00e9t\u00e9 incorpor\u00e9e aux plans \u00e9conomiques apr\u00e8s son association \u00e0 la composante culturelle comme cela a \u00e9t\u00e9 le cas dans les villes anciennes.<br \/>\nDe son cot\u00e9, le maire de la commune de Djeol, M. Oumar Ly Abdellah a remerci\u00e9 le Pr\u00e9sident de la R\u00e9publique pour l\u2019important int\u00e9r\u00eat qu\u2019il accorde au d\u00e9veloppement de sa commune, en particulier le long de la vall\u00e9e. Il a pr\u00e9cis\u00e9 que la commune de Djeol, qui \u00e9tait autrefois oubli\u00e9e, b\u00e9n\u00e9ficie actuellement d\u2019une s\u00e9rie d\u2019importantes r\u00e9alisations dans divers domaines.<br \/>\nLa c\u00e9r\u00e9monie a \u00e9t\u00e9 marqu\u00e9e par l\u2019annonce de la \u201cD\u00e9claration de Djeol\u201d, qui appele \u00e0 l\u2019unit\u00e9 et \u00e0 la coh\u00e9sion entre les diff\u00e9rentes composantes de la soci\u00e9t\u00e9 mauritanienne.<\/p>\n<p>La d\u00e9claration insiste sur la n\u00e9cessit\u00e9 de d\u00e9passer les mentalit\u00e9s et les comportements r\u00e9trogrades et de construire une vision soci\u00e9tale moderne qui luttent contre les \u00e9carts sociaux et laquelle le crit\u00e8re de bien servir le pays est le seul qui fait la diff\u00e9rence.<\/p>\n<p>La d\u00e9claration invite tous les acteurs, y compris les politiciens et les citoyens ordinaires \u00e0 la signer et \u00e0 prendre son contenu comme une approche et une m\u00e9thode \u00e0 suivre.<\/p>\n<p>Son excellence Monsieur Mohamed Ould Cheikh El Ghazouani a sign\u00e9 la d\u00e9claration apr\u00e8s sa lecture suivi de la Premi\u00e8re Dame, du chef de file de l\u2019opposition d\u00e9mocratique, du ministre de la culture, de la Jeunesse, des Sports et des Relations avec le Parlement, du Pr\u00e9sident du Conseil r\u00e9gional du Gorgol et du Maire de la commune de Djeol.<\/p>\n<p>La c\u00e9r\u00e9monie s\u2019est d\u00e9roul\u00e9e en pr\u00e9sence de la Premi\u00e8re Dame, Dr. Mariem Mint Dah, du chef de file de l\u2019opposition d\u00e9mocratique, du wali du Gorgol, du pr\u00e9sident du conseil r\u00e9gional du Gorgol, de la d\u00e9l\u00e9gation accompagnant le Pr\u00e9sident de la R\u00e9publique, des membres du corps diplomatique et des repr\u00e9sentants des organisations internationales en Mauritanie.<br \/>\nAmi<\/p>\n","protected":false},"excerpt":{"rendered":"<p>Le Pr\u00e9sident de la R\u00e9publique, Son Excellence Monsieur Mohamed Ould Cheikh El Ghazouani a supervis\u00e9 ce vendredi \u00e0 Djeol, situ\u00e9 \u00e0 pr\u00e8s de 18 km au sud est de Ka\u00e9di (wilaya du Gorgol) la c\u00e9r\u00e9monie de lancement de la premi\u00e8re \u00e9dition du festival culturel qui porte le nom de la ville. Ce festival vise la &hellip;<\/p>\n","protected":false},"author":2,"featured_media":4835,"comment_status":"open","ping_status":"open","sticky":false,"template":"","format":"standard","meta":{"footnotes":""},"categories":[18,15],"tags":[],"class_list":["post-4834","post","type-post","status-publish","format-standard","has-post-thumbnail","hentry","category-actualites","category-culture"],"_links":{"self":[{"href":"https:\/\/ladepeche.mr\/index.php?rest_route=\/wp\/v2\/posts\/4834","targetHints":{"allow":["GET"]}}],"collection":[{"href":"https:\/\/ladepeche.mr\/index.php?rest_route=\/wp\/v2\/posts"}],"about":[{"href":"https:\/\/ladepeche.mr\/index.php?rest_route=\/wp\/v2\/types\/post"}],"author":[{"embeddable":true,"href":"https:\/\/ladepeche.mr\/index.php?rest_route=\/wp\/v2\/users\/2"}],"replies":[{"embeddable":true,"href":"https:\/\/ladepeche.mr\/index.php?rest_route=%2Fwp%2Fv2%2Fcomments&post=4834"}],"version-history":[{"count":1,"href":"https:\/\/ladepeche.mr\/index.php?rest_route=\/wp\/v2\/posts\/4834\/revisions"}],"predecessor-version":[{"id":4836,"href":"https:\/\/ladepeche.mr\/index.php?rest_route=\/wp\/v2\/posts\/4834\/revisions\/4836"}],"wp:featuredmedia":[{"embeddable":true,"href":"https:\/\/ladepeche.mr\/index.php?rest_route=\/wp\/v2\/media\/4835"}],"wp:attachment":[{"href":"https:\/\/ladepeche.mr\/index.php?rest_route=%2Fwp%2Fv2%2Fmedia&parent=4834"}],"wp:term":[{"taxonomy":"category","embeddable":true,"href":"https:\/\/ladepeche.mr\/index.php?rest_route=%2Fwp%2Fv2%2Fcategories&post=4834"},{"taxonomy":"post_tag","embeddable":true,"href":"https:\/\/ladepeche.mr\/index.php?rest_route=%2Fwp%2Fv2%2Ftags&post=4834"}],"curies":[{"name":"wp","href":"https:\/\/api.w.org\/{rel}","templated":true}]}}