{"id":4837,"date":"2023-03-17T20:51:09","date_gmt":"2023-03-17T20:51:09","guid":{"rendered":"https:\/\/ladepeche.mr\/?p=4837"},"modified":"2023-03-17T20:51:09","modified_gmt":"2023-03-17T20:51:09","slug":"algerie-ramtane-lamamra-remplace-par-ahmed-attaf-au-ministere-des-affaires-etrangeres","status":"publish","type":"post","link":"https:\/\/ladepeche.mr\/?p=4837","title":{"rendered":"Alg\u00e9rie: Ramtane Lamamra remplac\u00e9 par Ahmed Attaf au minist\u00e8re des Affaires \u00e9trang\u00e8res"},"content":{"rendered":"<p>Lors d\u2019un remaniement gouvernemental, le pr\u00e9sident alg\u00e9rien Abdelmadjid Tebboune a limog\u00e9 jeudi 16 mars le chevronn\u00e9 Ramtane Lamamra du poste de ministre des Affaires \u00e9trang\u00e8res et nomm\u00e9 Ahmed Attaf. L\u2019homme au long parcours diplomatique avait d\u00e9j\u00e0 occup\u00e9 ce portefeuille entre 1996 et 1999, pendant la \u00ab d\u00e9cennie noire \u00bb, sous le pr\u00e9sident Liamine Z\u00e9roual.<br \/>\nAhmed Attaf, dipl\u00f4m\u00e9 de l&#8217;\u00c9cole nationale d&#8217;administration (ENA) \u00e0 Alger en 1975, est un v\u00e9t\u00e9ran de la diplomatie alg\u00e9rienne. Il commence sa carri\u00e8re diplomatique en \u00e9tant ambassadeur en Inde, en ex-Yougoslavie et au Royaume-Uni, avant d&#8217;\u00eatre dans les ann\u00e9es 1980 secr\u00e9taire d&#8217;\u00c9tat charg\u00e9 des Affaires africaines et Maghr\u00e9bines, au minist\u00e8re des Affaires \u00e9trang\u00e8res.<\/p>\n<p>Il y \u00e9tait, avec Ramtane Lamamra, le plus proche collaborateur du ministre d\u2019alors, Ahmed Taleb Ibrahimi.<\/p>\n<p>Ahmed Attaf ne fait donc finalement que retourner \u00e0 un poste qu&#8217;il a d\u00e9j\u00e0 connu. \u00ab Son parcours est aussi nourri que celui de son pr\u00e9d\u00e9cesseur \u00bb, constate TSA, un m\u00e9dia alg\u00e9rien francophone en ligne.<\/p>\n<p>En 1994, apr\u00e8s sa nomination au gouvernement, et avant m\u00eame de devenir chef de la diplomatie alg\u00e9rienne, il r\u00e9dige un m\u00e9morandum dans lequel il informait le pr\u00e9sident Z\u00e9roual de la n\u00e9cessit\u00e9 de fermer les fronti\u00e8res avec le Maroc. Ce qu&#8217;il obtient du chef de l&#8217;\u00c9tat en invoquant les effets n\u00e9fastes sur l&#8217;\u00e9conomie alg\u00e9rienne de la contrebande entre les deux pays.<\/p>\n<p>Mais en 2014, dans des d\u00e9clarations reprises par la presse, il d\u00e9plorait le manque d&#8217;efforts entrepris pour d\u00e9bloquer les relations alg\u00e9ro-marocaines.<\/p>\n<p>Dans le cadre de ce remaniement minist\u00e9riel, qui concernait une dizaine de fauteuils, le pr\u00e9sident alg\u00e9rien Abdelmadjid Tebboune a limog\u00e9 Ramatane Lamamra, son ministre chevronn\u00e9 des Affaires \u00e9trang\u00e8res. \u00c0 71 ans et en poste depuis 2021, l\u2019ex-chef de la diplomatie \u00e9tait pourtant tr\u00e8s appr\u00e9ci\u00e9 par ses pairs. \u00ab Cela rabat les cartes de la pr\u00e9sidentielle \u00bb, selon Kader Abderrahim, chercheur et auteur de G\u00e9opolitique de l&#8217;Alg\u00e9rie.<br \/>\nLire la suite sur : https:\/\/www.rfi.fr\/fr\/afrique\/20230317-alg%C3%A9rie-ramtane-lamamra-remplac%C3%A9-par-ahmed-attaf-au-minist%C3%A8re-des-affaires-%C3%A9trang%C3%A8res<\/p>\n","protected":false},"excerpt":{"rendered":"<p>Lors d\u2019un remaniement gouvernemental, le pr\u00e9sident alg\u00e9rien Abdelmadjid Tebboune a limog\u00e9 jeudi 16 mars le chevronn\u00e9 Ramtane Lamamra du poste de ministre des Affaires \u00e9trang\u00e8res et nomm\u00e9 Ahmed Attaf. L\u2019homme au long parcours diplomatique avait d\u00e9j\u00e0 occup\u00e9 ce portefeuille entre 1996 et 1999, pendant la \u00ab d\u00e9cennie noire \u00bb, sous le pr\u00e9sident Liamine Z\u00e9roual. Ahmed &hellip;<\/p>\n","protected":false},"author":2,"featured_media":4838,"comment_status":"open","ping_status":"open","sticky":false,"template":"","format":"standard","meta":{"footnotes":""},"categories":[18,29],"tags":[],"class_list":["post-4837","post","type-post","status-publish","format-standard","has-post-thumbnail","hentry","category-actualites","category-monde"],"_links":{"self":[{"href":"https:\/\/ladepeche.mr\/index.php?rest_route=\/wp\/v2\/posts\/4837","targetHints":{"allow":["GET"]}}],"collection":[{"href":"https:\/\/ladepeche.mr\/index.php?rest_route=\/wp\/v2\/posts"}],"about":[{"href":"https:\/\/ladepeche.mr\/index.php?rest_route=\/wp\/v2\/types\/post"}],"author":[{"embeddable":true,"href":"https:\/\/ladepeche.mr\/index.php?rest_route=\/wp\/v2\/users\/2"}],"replies":[{"embeddable":true,"href":"https:\/\/ladepeche.mr\/index.php?rest_route=%2Fwp%2Fv2%2Fcomments&post=4837"}],"version-history":[{"count":1,"href":"https:\/\/ladepeche.mr\/index.php?rest_route=\/wp\/v2\/posts\/4837\/revisions"}],"predecessor-version":[{"id":4839,"href":"https:\/\/ladepeche.mr\/index.php?rest_route=\/wp\/v2\/posts\/4837\/revisions\/4839"}],"wp:featuredmedia":[{"embeddable":true,"href":"https:\/\/ladepeche.mr\/index.php?rest_route=\/wp\/v2\/media\/4838"}],"wp:attachment":[{"href":"https:\/\/ladepeche.mr\/index.php?rest_route=%2Fwp%2Fv2%2Fmedia&parent=4837"}],"wp:term":[{"taxonomy":"category","embeddable":true,"href":"https:\/\/ladepeche.mr\/index.php?rest_route=%2Fwp%2Fv2%2Fcategories&post=4837"},{"taxonomy":"post_tag","embeddable":true,"href":"https:\/\/ladepeche.mr\/index.php?rest_route=%2Fwp%2Fv2%2Ftags&post=4837"}],"curies":[{"name":"wp","href":"https:\/\/api.w.org\/{rel}","templated":true}]}}