{"id":4840,"date":"2023-03-17T21:04:56","date_gmt":"2023-03-17T21:04:56","guid":{"rendered":"https:\/\/ladepeche.mr\/?p=4840"},"modified":"2023-03-17T21:11:41","modified_gmt":"2023-03-17T21:11:41","slug":"menace-de-greve-des-boulangeries-le-president-du-patronat-rassure-les-populations","status":"publish","type":"post","link":"https:\/\/ladepeche.mr\/?p=4840","title":{"rendered":"Menace de gr\u00e8ve des boulangeries : Le pr\u00e9sident du patronat rassure les populations!"},"content":{"rendered":"<p>Le pr\u00e9sident de l\u2019Union Nationale du Patronat Mauritanien, Mohamed Zein El Abidine Ould Cheikh Ahmed, a rassur\u00e9 vendredi, dans un tweet rendu public, que l\u2019arr\u00eat de production brandi par la f\u00e9d\u00e9ration mauritanienne des boulangeries et p\u00e2tisseries n\u2019aura pas lieu et que les populations peuvent \u00eatre rassur\u00e9es de trouver du pain.<br \/>\nLe pr\u00e9sident de l\u2019Unmp a, par ailleurs, expliqu\u00e9 que s\u2019agissant des dol\u00e9ances \u00e9mises par la f\u00e9d\u00e9ration des boulangeries et p\u00e2tisseries, des concertations seront engag\u00e9es durant la semaine prochaine avec les autorit\u00e9s gouvernementales afin de trouver les solutions idoies.<br \/>\nNotons que la f\u00e9d\u00e9ration des boulangers avait menac\u00e9 d\u2019un arr\u00eat de production d\u2019approvisionner le march\u00e9 en pain et r\u00e9clam\u00e9 que l\u2019Etat honore \u00ab ses engagements \u00bb de subvention de la farine et des hydrocarbures.<\/p>\n","protected":false},"excerpt":{"rendered":"<p>Le pr\u00e9sident de l\u2019Union Nationale du Patronat Mauritanien, Mohamed Zein El Abidine Ould Cheikh Ahmed, a rassur\u00e9 vendredi, dans un tweet rendu public, que l\u2019arr\u00eat de production brandi par la f\u00e9d\u00e9ration mauritanienne des boulangeries et p\u00e2tisseries n\u2019aura pas lieu et que les populations peuvent \u00eatre rassur\u00e9es de trouver du pain. Le pr\u00e9sident de l\u2019Unmp a, &hellip;<\/p>\n","protected":false},"author":2,"featured_media":4842,"comment_status":"open","ping_status":"open","sticky":false,"template":"","format":"standard","meta":{"footnotes":""},"categories":[18,2],"tags":[],"class_list":["post-4840","post","type-post","status-publish","format-standard","has-post-thumbnail","hentry","category-actualites","category-economie"],"_links":{"self":[{"href":"https:\/\/ladepeche.mr\/index.php?rest_route=\/wp\/v2\/posts\/4840","targetHints":{"allow":["GET"]}}],"collection":[{"href":"https:\/\/ladepeche.mr\/index.php?rest_route=\/wp\/v2\/posts"}],"about":[{"href":"https:\/\/ladepeche.mr\/index.php?rest_route=\/wp\/v2\/types\/post"}],"author":[{"embeddable":true,"href":"https:\/\/ladepeche.mr\/index.php?rest_route=\/wp\/v2\/users\/2"}],"replies":[{"embeddable":true,"href":"https:\/\/ladepeche.mr\/index.php?rest_route=%2Fwp%2Fv2%2Fcomments&post=4840"}],"version-history":[{"count":2,"href":"https:\/\/ladepeche.mr\/index.php?rest_route=\/wp\/v2\/posts\/4840\/revisions"}],"predecessor-version":[{"id":4843,"href":"https:\/\/ladepeche.mr\/index.php?rest_route=\/wp\/v2\/posts\/4840\/revisions\/4843"}],"wp:featuredmedia":[{"embeddable":true,"href":"https:\/\/ladepeche.mr\/index.php?rest_route=\/wp\/v2\/media\/4842"}],"wp:attachment":[{"href":"https:\/\/ladepeche.mr\/index.php?rest_route=%2Fwp%2Fv2%2Fmedia&parent=4840"}],"wp:term":[{"taxonomy":"category","embeddable":true,"href":"https:\/\/ladepeche.mr\/index.php?rest_route=%2Fwp%2Fv2%2Fcategories&post=4840"},{"taxonomy":"post_tag","embeddable":true,"href":"https:\/\/ladepeche.mr\/index.php?rest_route=%2Fwp%2Fv2%2Ftags&post=4840"}],"curies":[{"name":"wp","href":"https:\/\/api.w.org\/{rel}","templated":true}]}}