{"id":4844,"date":"2023-03-17T21:14:49","date_gmt":"2023-03-17T21:14:49","guid":{"rendered":"https:\/\/ladepeche.mr\/?p=4844"},"modified":"2023-03-17T21:14:49","modified_gmt":"2023-03-17T21:14:49","slug":"ukraine-la-cpi-emet-un-mandat-darret-contre-le-president-russe-vladimir-poutine","status":"publish","type":"post","link":"https:\/\/ladepeche.mr\/?p=4844","title":{"rendered":"Ukraine: la CPI \u00e9met un mandat d&#8217;arr\u00eat contre le pr\u00e9sident russe Vladimir Poutine"},"content":{"rendered":"<p>La Cour p\u00e9nale internationale (CPI) a d\u00e9clar\u00e9 vendredi avoir \u00e9mis un mandat d&#8217;arr\u00eat contre le pr\u00e9sident russe Vladimir Poutine pour sa responsabilit\u00e9 dans des crimes de guerre perp\u00e9tr\u00e9s en Ukraine depuis l&#8217;invasion russe.<\/p>\n<p>&#8220;Aujourd&#8217;hui, 17 mars 2023, la Chambre pr\u00e9liminaire II de la Cour p\u00e9nale internationale a \u00e9mis des mandats d&#8217;arr\u00eat contre deux personnes dans le cadre de la situation en Ukraine : M. Vladimir Vladimirovitch Poutine et Mme Maria Alekseyevna Lvova-Belova&#8221;, commissaire pr\u00e9sidentielle aux droits de l&#8217;enfant en Russie, a d\u00e9clar\u00e9 la CPI dans un communiqu\u00e9.<\/p>\n<p>M. Poutine &#8220;est pr\u00e9sum\u00e9 responsable du crime de guerre de d\u00e9portation ill\u00e9gale de population (enfants) et de transfert ill\u00e9gal de population (enfants) des zones occup\u00e9es d&#8217;Ukraine vers la F\u00e9d\u00e9ration de Russie&#8221;, a ajout\u00e9 la cour.<\/p>\n<p>&#8220;Les crimes auraient \u00e9t\u00e9 commis sur le territoire ukrainien occup\u00e9 au moins \u00e0 partir du 24 f\u00e9vrier 2022&#8221;, a poursuivi la CPI, ajoutant qu&#8217;il existait &#8220;des motifs raisonnables de croire que M. Poutine est personnellement responsable des crimes susmentionn\u00e9s&#8221;.<\/p>\n<p>Le procureur de la CPI Karim Khan a d\u00e9clar\u00e9 plus t\u00f4t ce mois-ci apr\u00e8s une visite en Ukraine que les enl\u00e8vements pr\u00e9sum\u00e9s d&#8217;enfants faisaient &#8220;l&#8217;objet d&#8217;une enqu\u00eate prioritaire&#8221;.<\/p>\n<p>La CPI, cr\u00e9\u00e9e en 2002 pour juger les pires crimes commis dans le monde, enqu\u00eate depuis plus d&#8217;un an sur d&#8217;\u00e9ventuels crimes de guerre ou contre l&#8217;humanit\u00e9 commis pendant l&#8217;offensive russe.<\/p>\n<p>Ni la Russie ni l&#8217;Ukraine ne sont membres de la CPI, mais Kiev a accept\u00e9 la comp\u00e9tence de la cour sur son territoire et travaille avec le procureur. La Russie nie les all\u00e9gations de crimes de guerre.<\/p>\n<p>Les experts ont admis qu&#8217;il \u00e9tait peu probable qu&#8217;elle remette des suspects.<br \/>\nAfp<br \/>\neuronews via cridem<\/p>\n","protected":false},"excerpt":{"rendered":"<p>La Cour p\u00e9nale internationale (CPI) a d\u00e9clar\u00e9 vendredi avoir \u00e9mis un mandat d&#8217;arr\u00eat contre le pr\u00e9sident russe Vladimir Poutine pour sa responsabilit\u00e9 dans des crimes de guerre perp\u00e9tr\u00e9s en Ukraine depuis l&#8217;invasion russe. &#8220;Aujourd&#8217;hui, 17 mars 2023, la Chambre pr\u00e9liminaire II de la Cour p\u00e9nale internationale a \u00e9mis des mandats d&#8217;arr\u00eat contre deux personnes dans &hellip;<\/p>\n","protected":false},"author":2,"featured_media":4845,"comment_status":"open","ping_status":"open","sticky":false,"template":"","format":"standard","meta":{"footnotes":""},"categories":[18,29],"tags":[],"class_list":["post-4844","post","type-post","status-publish","format-standard","has-post-thumbnail","hentry","category-actualites","category-monde"],"_links":{"self":[{"href":"https:\/\/ladepeche.mr\/index.php?rest_route=\/wp\/v2\/posts\/4844","targetHints":{"allow":["GET"]}}],"collection":[{"href":"https:\/\/ladepeche.mr\/index.php?rest_route=\/wp\/v2\/posts"}],"about":[{"href":"https:\/\/ladepeche.mr\/index.php?rest_route=\/wp\/v2\/types\/post"}],"author":[{"embeddable":true,"href":"https:\/\/ladepeche.mr\/index.php?rest_route=\/wp\/v2\/users\/2"}],"replies":[{"embeddable":true,"href":"https:\/\/ladepeche.mr\/index.php?rest_route=%2Fwp%2Fv2%2Fcomments&post=4844"}],"version-history":[{"count":1,"href":"https:\/\/ladepeche.mr\/index.php?rest_route=\/wp\/v2\/posts\/4844\/revisions"}],"predecessor-version":[{"id":4846,"href":"https:\/\/ladepeche.mr\/index.php?rest_route=\/wp\/v2\/posts\/4844\/revisions\/4846"}],"wp:featuredmedia":[{"embeddable":true,"href":"https:\/\/ladepeche.mr\/index.php?rest_route=\/wp\/v2\/media\/4845"}],"wp:attachment":[{"href":"https:\/\/ladepeche.mr\/index.php?rest_route=%2Fwp%2Fv2%2Fmedia&parent=4844"}],"wp:term":[{"taxonomy":"category","embeddable":true,"href":"https:\/\/ladepeche.mr\/index.php?rest_route=%2Fwp%2Fv2%2Fcategories&post=4844"},{"taxonomy":"post_tag","embeddable":true,"href":"https:\/\/ladepeche.mr\/index.php?rest_route=%2Fwp%2Fv2%2Ftags&post=4844"}],"curies":[{"name":"wp","href":"https:\/\/api.w.org\/{rel}","templated":true}]}}