{"id":4850,"date":"2023-03-18T21:32:09","date_gmt":"2023-03-18T21:32:09","guid":{"rendered":"https:\/\/ladepeche.mr\/?p=4850"},"modified":"2023-03-18T21:32:09","modified_gmt":"2023-03-18T21:32:09","slug":"le-survol-du-mali-est-il-risque-pour-les-avions-civils","status":"publish","type":"post","link":"https:\/\/ladepeche.mr\/?p=4850","title":{"rendered":"Le survol du Mali est-il risqu\u00e9 pour les avions civils?"},"content":{"rendered":"<p>L&#8217;aviation civile am\u00e9ricaine (FAA) a jug\u00e9 que les avions couraient un \u00ab risque accru \u00bb desservant ou survolant le Mali \u00ab \u00e0 toutes les altitudes \u00bb en raison de la pr\u00e9sence d\u2019un \u00ab syst\u00e8me de d\u00e9fense antia\u00e9rienne sophistiqu\u00e9 \u00bb utilis\u00e9 par le groupe Wagner, comme a r\u00e9v\u00e9l\u00e9 cette semaine le journal Les \u00c9chos. Bamako n&#8217;a jamais reconnu disposer de ce type d&#8217;armement et Air France maintient ses vols. Mais selon le sp\u00e9cialiste Akram Kharief, \u00ab il n\u2019y a aucune information cr\u00e9dible \u00bb en ce sens.<br \/>\nC&#8217;est une note de l&#8217;aviation civile am\u00e9ricaine (FAA) dat\u00e9e du 23 f\u00e9vrier, qui a donn\u00e9 l&#8217;alerte, r\u00e9v\u00e9l\u00e9e par le journal fran\u00e7ais Les \u00c9chos. Elle rel\u00e8ve un \u00ab risque accru \u00bb de survol du Mali en raison de la pr\u00e9sence pr\u00e8s de Bamako de missiles antia\u00e9riens russes de type Pantsir ou SA-22, capables de toucher des avions jusqu&#8217;\u00e0 15 000 m\u00e8tres d&#8217;altitude dans un rayon de 36 kilom\u00e8tres. Selon cette note, ils seraient aux mains des mercenaires du groupe Wagner.<\/p>\n<p>Les autorit\u00e9s maliennes de transition n&#8217;ont jamais officiellement communiqu\u00e9 sur l&#8217;acquisition de ce type d&#8217;armement.<\/p>\n<p>La note am\u00e9ricaine cite \u00e9galement le syst\u00e8me portatif de d\u00e9fense antia\u00e9rienne de type Manpads &#8211; des missiles sol-air d\u00e9ploy\u00e9s dans le reste du pays et notamment dans la r\u00e9gion de Mopti &#8211; pour prot\u00e9ger l&#8217;espace a\u00e9rien malien contre toute intrusion non d\u00e9sir\u00e9e.<\/p>\n<p>Peur d&#8217;erreurs tragiques, comme avec le MH17<br \/>\nPlus que des attaques directes contre des vols civils, hautement improbables, c&#8217;est le risque d&#8217;erreurs tragiques qui est redout\u00e9. En 2014, par exemple, le vol MH17 de la Malaysia Airlines avait \u00e9t\u00e9 abattu par erreur au-dessus de l&#8217;Ukraine par des militaires russes et des miliciens s\u00e9paratistes. Pr\u00e8s de 300 personnes avaient \u00e9t\u00e9 tu\u00e9es.<\/p>\n<p>La note de la FAA \u00e9voque \u00e9galement d&#8217;autres risques, le Mali \u00e9tant \u00ab le th\u00e9\u00e2tre de combats \u00bb, \u00ab d&#8217;activit\u00e9s extr\u00e9mistes \u00bb ou encore \u00ab d&#8217;une d\u00e9t\u00e9rioration de l&#8217;\u00c9tat de droit \u00bb. L&#8217;agence am\u00e9ricaine pointe \u00e9galement le fait que la branche sah\u00e9lienne du groupe terroriste \u00c9tat islamique ait revendiqu\u00e9 en juillet dernier la destruction d&#8217;un drone du groupe Wagner.<\/p>\n<p>Aucune compagnie n\u2019annonce de mesures en cons\u00e9quence<br \/>\nAucune compagnie desservant le Mali n&#8217;a annonc\u00e9 de mesure particuli\u00e8re depuis la publication de cette note. Air France, dont les avions assurent une liaison quotidienne avec Bamako, indique avoir suivi \u00ab avec le plus grand soin \u00bb les recommandations de la FAA, mais \u00ab \u00e0 ce stade, la desserte de Bamako reste inchang\u00e9e \u00bb.<\/p>\n<p>Jeudi 16 mars, le syndicat de pilotes SNPL a tout de m\u00eame appel\u00e9 \u00e0 l&#8217;exercice du droit de retrait des personnels ne souhaitant pas, \u00ab en l&#8217;\u00e9tat actuel des choses \u00bb, \u00eatre affect\u00e9s \u00e0 des vols \u00e0 destination de Bamako.<br \/>\nlire la suite sur: https:\/\/www.rfi.fr\/fr\/afrique\/20230317-le-survol-du-mali-est-il-risqu%C3%A9-pour-les-avions-civils<\/p>\n","protected":false},"excerpt":{"rendered":"<p>L&#8217;aviation civile am\u00e9ricaine (FAA) a jug\u00e9 que les avions couraient un \u00ab risque accru \u00bb desservant ou survolant le Mali \u00ab \u00e0 toutes les altitudes \u00bb en raison de la pr\u00e9sence d\u2019un \u00ab syst\u00e8me de d\u00e9fense antia\u00e9rienne sophistiqu\u00e9 \u00bb utilis\u00e9 par le groupe Wagner, comme a r\u00e9v\u00e9l\u00e9 cette semaine le journal Les \u00c9chos. Bamako n&#8217;a &hellip;<\/p>\n","protected":false},"author":2,"featured_media":4851,"comment_status":"open","ping_status":"open","sticky":false,"template":"","format":"standard","meta":{"footnotes":""},"categories":[18,29,28],"tags":[],"class_list":["post-4850","post","type-post","status-publish","format-standard","has-post-thumbnail","hentry","category-actualites","category-monde","category-sahel"],"_links":{"self":[{"href":"https:\/\/ladepeche.mr\/index.php?rest_route=\/wp\/v2\/posts\/4850","targetHints":{"allow":["GET"]}}],"collection":[{"href":"https:\/\/ladepeche.mr\/index.php?rest_route=\/wp\/v2\/posts"}],"about":[{"href":"https:\/\/ladepeche.mr\/index.php?rest_route=\/wp\/v2\/types\/post"}],"author":[{"embeddable":true,"href":"https:\/\/ladepeche.mr\/index.php?rest_route=\/wp\/v2\/users\/2"}],"replies":[{"embeddable":true,"href":"https:\/\/ladepeche.mr\/index.php?rest_route=%2Fwp%2Fv2%2Fcomments&post=4850"}],"version-history":[{"count":1,"href":"https:\/\/ladepeche.mr\/index.php?rest_route=\/wp\/v2\/posts\/4850\/revisions"}],"predecessor-version":[{"id":4852,"href":"https:\/\/ladepeche.mr\/index.php?rest_route=\/wp\/v2\/posts\/4850\/revisions\/4852"}],"wp:featuredmedia":[{"embeddable":true,"href":"https:\/\/ladepeche.mr\/index.php?rest_route=\/wp\/v2\/media\/4851"}],"wp:attachment":[{"href":"https:\/\/ladepeche.mr\/index.php?rest_route=%2Fwp%2Fv2%2Fmedia&parent=4850"}],"wp:term":[{"taxonomy":"category","embeddable":true,"href":"https:\/\/ladepeche.mr\/index.php?rest_route=%2Fwp%2Fv2%2Fcategories&post=4850"},{"taxonomy":"post_tag","embeddable":true,"href":"https:\/\/ladepeche.mr\/index.php?rest_route=%2Fwp%2Fv2%2Ftags&post=4850"}],"curies":[{"name":"wp","href":"https:\/\/api.w.org\/{rel}","templated":true}]}}