{"id":4853,"date":"2023-03-18T21:40:57","date_gmt":"2023-03-18T21:40:57","guid":{"rendered":"https:\/\/ladepeche.mr\/?p=4853"},"modified":"2023-03-18T21:40:57","modified_gmt":"2023-03-18T21:40:57","slug":"declaration-de-nouakchott-soumise-a-la-49eme-session-du-conseil-des-ministres-des-affaires-etrangeres-le-juste-milieu-et-la-moderation-clefs-maitresses-de-la-securite-et-de-la-stabilite-n","status":"publish","type":"post","link":"https:\/\/ladepeche.mr\/?p=4853","title":{"rendered":"D\u00e9claration de Nouakchott SOUMISE A LA 49\u00e8me SESSION DU CONSEIL DES MINISTRES DES AFFAIRES ETRANGERES \u00abLe juste-milieu et la mod\u00e9ration, clefs ma\u00eetresses de la s\u00e9curit\u00e9 et de la stabilit\u00e9\u00bb Nouakchott, R\u00e9publique islamique de Mauritanie 16-17 mars 2023 24-25 Cha\u00e2bane 1444H"},"content":{"rendered":"<p>&#8211;    Nous, ministres des Affaires \u00e9trang\u00e8res et chefs de d\u00e9l\u00e9gations des \u00c9tats membres de l&#8217;Organisation de la coop\u00e9ration islamique participant aux travaux de la 49\u00e8me session du Conseil des ministres des Affaires \u00e9trang\u00e8res de l&#8217;Organisation, tenue \u00e0 Nouakchott, R\u00e9publique islamique de Mauritanie, les 24 -25 Cha\u00e2bane 1444H correspondant au 16-17 mars 2023 ;<br \/>\n&#8211;    Rappelant les liens islamiques qui nous unissent, sur la base desquels l&#8217;Organisation de la coop\u00e9ration islamique a \u00e9t\u00e9 cr\u00e9\u00e9e en tant qu&#8217;organisation \u0153uvrant au renforcement de la coop\u00e9ration et la solidarit\u00e9 entre les pays et peuples islamiques ;<br \/>\n&#8211;    Rappelant les enseignements authentiques de notre religion islamique, religion de la mod\u00e9ration, du juste milieu, de l&#8217;altruisme, de la tol\u00e9rance, de la paix, du d\u00e9bat dialectique mesur\u00e9 et du dialogue entre les cultures, les nations et les civilisations ;<br \/>\n&#8211;    R\u00e9affirmant notre attachement \u00e0 tous les principes et objectifs contenus dans la Charte de l&#8217;Organisation de la Coop\u00e9ration Islamique, notamment en ce qui concerne le renforcement des liens de fraternit\u00e9 et de solidarit\u00e9 entre nos pays et peuples ;<br \/>\n&#8211;    Constatant la persistance de foyers de tensions, de conflits et de guerres \u00e0 l&#8217;int\u00e9rieur de l&#8217;aire g\u00e9ographique de certains pays membres de l&#8217;Organisation de Coop\u00e9ration et dans de nombreuses autres contr\u00e9es \u00e0 travers le monde, ainsi que les effets pervers qui en r\u00e9sultent pour nos pays et nos peuples et pour la paix et la s\u00e9curit\u00e9 internationales ;<br \/>\n&#8211;    Reconnaissant l&#8217;importance de la s\u00e9curit\u00e9 et de la stabilit\u00e9 dans la vie des \u00c9tats et des soci\u00e9t\u00e9s, et la n\u00e9cessit\u00e9 de d\u00e9samorcer les tensions et de r\u00e9soudre les diff\u00e9rends par des moyens pacifiques conform\u00e9ment aux principes de la Charte des Nations Unies et de la Charte de l&#8217;Organisation de la coop\u00e9ration islamique :<br \/>\n&#8211;    Exprimant notre profonde pr\u00e9occupation face au ph\u00e9nom\u00e8ne rampant de \u00ab l&#8217;islamophobie \u00bb \u00e0 travers des campagnes de haine et d&#8217;hostilit\u00e9 \u00e0 l&#8217;\u00e9gard de l&#8217;islam qui visent \u00e0 le saper et \u00e0 en d\u00e9former et entacher l&#8217;image rayonnante faite de mansu\u00e9tude et de tol\u00e9rance ;<br \/>\n&#8211;    Saluant l&#8217;initiative des Nations Unies de faire du 15 mars une Journ\u00e9e internationale de lutte contre la peur de l&#8217;Islam (islamophobie), sachant qu&#8217;une manifestation d\u00e9di\u00e9e a \u00e9t\u00e9 organis\u00e9e pour marquer cet \u00e9v\u00e9nement important en marge de la pr\u00e9sente session ;<br \/>\n&#8211;    Reconnaissant l&#8217;importance de la coop\u00e9ration et de l&#8217;int\u00e9gration pour le renforcement des relations entre nos pays sur la base du devoir de solidarit\u00e9 et de l&#8217;esprit de fraternit\u00e9 islamique ;<br \/>\n&#8211;    Reconnaissant le r\u00f4le de pionnier jou\u00e9 par les \u00e9rudits et oul\u00e9mas de l&#8217;Oumma islamique dans l&#8217;introduction de l&#8217;islam et la diffusion du message d&#8217;amour et d&#8217;harmonie dont il est porteur \u00e0 travers le monde entier ;<br \/>\n&#8211;    Reconnaissant le r\u00f4le de pionnier jou\u00e9 par tous les franges de l&#8217;Oumma islamique, en particulier le groupe des jeunes, dans l&#8217;avancement des pays et des soci\u00e9t\u00e9s \u00e0 l&#8217;\u00e9chelle de notre monde islamique ;<br \/>\n&#8211;    Saluant les grands efforts d\u00e9ploy\u00e9s par la R\u00e9publique Islamique de Mauritanie pour accueillir les travaux de la 49\u00e8me session du Conseil des Ministres des Affaires Etrang\u00e8res des Etats membres de l&#8217;Organisation de la Coop\u00e9ration Islamique, ainsi que les moyens et les facilit\u00e9s qu&#8217;elle a fournis pour en garantir le succ\u00e8s ;<br \/>\n&#8211;    Nous fondant sur les importantes r\u00e9solutions et recommandations issues de cette session et visant \u00e0 renforcer la solidarit\u00e9 islamique, \u00e0 promouvoir l&#8217;action islamique commune et \u00e0 ouvrir de nouveaux horizons devant notre Oumma islamique ;<\/p>\n<p>Nous proclamons ce qui suit :<br \/>\n1.    Nous r\u00e9affirmons notre plein engagement \u00e0 respecter la souverainet\u00e9, l&#8217;ind\u00e9pendance, l&#8217;int\u00e9grit\u00e9 territoriale et la s\u00e9curit\u00e9 des \u00c9tats membres, et la n\u00e9cessit\u00e9 de r\u00e9soudre les litiges et diff\u00e9rends par des moyens pacifiques tels que les n\u00e9gociations, la m\u00e9diation, les bons offices et autres canaux diplomatiques, sur la base des Chartes de l&#8217;Organisation de la coop\u00e9ration islamique et des Nations Unies, des principes du droit international, des m\u00e9canismes et instruments de l&#8217;Organisation de la coop\u00e9ration islamique pertinents \u00e0 la paix et \u00e0 la s\u00e9curit\u00e9 et par le recours aux bons offices du Secr\u00e9taire g\u00e9n\u00e9ral de l&#8217;Organisation ;<br \/>\n2.    Nous r\u00e9affirmons notre attachement de principe \u00e0 la cause palestinienne et d&#8217;Al-Qods Al-Sharif en tant que question centrale pour l&#8217;Oumma islamique et notre soutien aux droits l\u00e9gitimes et inali\u00e9nables du peuple palestinien, y compris son droit \u00e0 l&#8217;autod\u00e9termination et \u00e0 la cr\u00e9ation d&#8217;un \u00c9tat palestinien ind\u00e9pendant \u00e0 l&#8217;int\u00e9rieur des fronti\u00e8res de 1967, avec Al-Qods Al-Sharif comme capitale ;<br \/>\n3.    Nous r\u00e9affirmons qu&#8217;Al-Qods Al-Sharif fait partie int\u00e9grante des territoires occup\u00e9s de l&#8217;\u00c9tat palestinien ainsi que la souverainet\u00e9 exclusive du peuple palestinien sur cette ville, et appelons la Communaut\u00e9 internationale \u00e0 assumer ses responsabilit\u00e9s en vertu des termes du droit international et \u00e0 prendre les mesures qui s&#8217;imposent pour amener Isra\u00ebl, la puissance occupante, \u00e0 s&#8217;abstenir de toutes actions et pratiques ill\u00e9gales, \u00e0 respecter toutes les r\u00e9solutions internationales relatives \u00e0 la ville d&#8217;Al-Qods Al-Sharif, et \u00e0 s&#8217;abstenir de toutes mesures et pratiques visant \u00e0 modifier le caract\u00e8re et le statut juridique de la Ville Sainte ;<br \/>\n4.    Nous condamnons les violations r\u00e9p\u00e9t\u00e9es et les crimes perp\u00e9tr\u00e9s par les autorit\u00e9s de l&#8217;occupation coloniale isra\u00e9liennes  et par les colons sionistes au pr\u00e9judice du peuple palestinien et notamment les activit\u00e9s de colonisation et d&#8217;implantation  visant \u00e0 saper les efforts internationalement d\u00e9ploy\u00e9s pour parvenir \u00e0 une solution \u00e0 deux \u00c9tats et aboutir \u00e0 un accord de paix global et juste ; nous renouvelons \u00e9galement notre ferme soutien \u00e0 la r\u00e9sistance h\u00e9ro\u00efque du vaillant peuple palestinien dans sa juste lutte pour l&#8217;\u00e9mancipation et l&#8217;ind\u00e9pendance ;<br \/>\n5.    Faire pression sur les Nations Unies pour que l&#8217;Etat de Palestine obtienne le statut de membre \u00e0 part enti\u00e8re de l&#8217;ONU, sachant que son statut actuel est celui d&#8217;observateur et ce depuis l&#8217;ann\u00e9e 2012 ;<br \/>\n6.    Nous renouvelons notre engagement \u00e0 pr\u00e9server la souverainet\u00e9 du Y\u00e9men, de la Syrie et de la Libye et exprimons notre solidarit\u00e9 avec l&#8217;Azerba\u00efdjan, la Somalie, le Soudan, Djibouti, les Comores, la Bosnie-Herz\u00e9govine, le peuple du Jammu-et-Cachemire, les Chypriotes turcs et la minorit\u00e9 turque musulmane de Thrace occidentale ;<br \/>\n7.    Nous r\u00e9affirment notre engagement \u00e0 ouvrir aux renforcements des droits des communaut\u00e9s et des minorit\u00e9s musulmanes dans les pays non-membres et nous incitons l&#8217;OCI \u00e0 poursuivre ses efforts constructifs pour la r\u00e9alisation de cet objectif ;<br \/>\n8.    Nous r\u00e9affirmons la position de principe de l&#8217;OCI sur le diff\u00e9rend du Jammu-et-Cachemire en vue de parvenir \u00e0 une solution pacifique, conform\u00e9ment aux R\u00e9solutions pertinentes du Conseil de s\u00e9curit\u00e9 des Nations unies ;<br \/>\n9.    Nous renouvelons notre solidarit\u00e9 avec le peuple afghan, et nous exprimons notre confiance dans sa capacit\u00e9 \u00e0 surmonter les d\u00e9fis auxquels il est confront\u00e9 et \u00e0 aplanir les embuches qui jalonnent le chemin de l&#8217;\u00e9dification et du d\u00e9veloppement en Afghanistan : nous croyons qu&#8217;une paix durable ne peut \u00eatre \u00e9tablie qu&#8217;en formant un gouvernement inclusif pour toutes les composantes du spectre afghan, et soulignons la n\u00e9cessit\u00e9 de respecter les droits humains des afghans, en particulier les femmes et les filles et leur droit l\u00e9gitime \u00e0 l&#8217;\u00e9ducation et au travail sur la base des enseignements de notre v\u00e9ritable religion islamique, \u00e0 travers la promotion de politiques inclusives ;<br \/>\n10.    Nous exprimons notre sinc\u00e8re solidarit\u00e9 ainsi que nos sinc\u00e8res condol\u00e9ances et notre sympathie aux victimes du tremblement de terre d\u00e9vastateur qui a frapp\u00e9 la T\u00fcrkiye et la Syrie en f\u00e9vrier dernier. Nous appr\u00e9cions \u00e9galement les efforts humanitaires d\u00e9ploy\u00e9s pour faire face \u00e0 cette catastrophe et appelons \u00e0 placer l&#8217;action humanitaire en t\u00eate de l&#8217;ordre du jour des prochaines r\u00e9unions de l&#8217;OCI dans toute la mesure du possible. Nous appelons \u00e9galement \u00e0 l&#8217;\u00e9laboration d&#8217;un plan pratique en coop\u00e9ration entre les \u00c9tats membres pour une riposte rapide aux situations de catastrophes et de crises humanitaires, et \u00e0 la convocation d&#8217;une session de brainstorming de haut niveau sur l&#8217;action humanitaire dans le cadre des travaux du quinzi\u00e8me Sommet de l&#8217;OCI, \u00e0 la lumi\u00e8re de l&#8217;aggravation des crises humanitaires dans nombre de nos \u00c9tats membres ;<br \/>\n11.    Nous Accueillons favorablement l&#8217;organisation r\u00e9ussie par la R\u00e9publique arabe d&#8217;Egypte de la 28\u00e8me Session de la Conf\u00e9rence des Parties \u00e0 la Convention-cadre des Nations unies sur les changements climatique (la COP27), dans la ville de Sharm Escheikh et se f\u00e9licite des r\u00e9sultats historiques enregistr\u00e9s \u00e0 cette occasion, y compris l&#8217;inscription des questions li\u00e9es aux m\u00e9canismes de financement des pertes et des dommages occasionn\u00e9s dans les pays en d\u00e9veloppement par les changements climatiques, pour la premi\u00e8re fois, \u00e0 l&#8217;ordre du jour de ladite conf\u00e9rence, dont en particulier la d\u00e9cision relative \u00e0 la mise en place de dispositions pour le financement, comprenant l&#8217;inauguration d&#8217;un fonds de financement des pertes et des dommages ;<br \/>\n12.    Nous nous f\u00e9licitons de l&#8217;accueil par l&#8217;Etat des Emirats Arabes Unis de la Conf\u00e9rence des Etats parties \u00e0 la convention-cadre des Nations Unies sur le changement climatique (COP-28), qui se tiendra au cours de la p\u00e9riode du 30 novembre au 12 d\u00e9cembre 2023 ; et appelons tous les Etats membres \u00e0 participer activement \u00e0 cette conf\u00e9rence ;<br \/>\n13.    Nous f\u00e9licitons de l&#8217;offre de l&#8217;Etat du Qatar d&#8217;accueillir la neuvi\u00e8me conf\u00e9rence minist\u00e9rielle de l&#8217;OCI sur la S\u00e9curit\u00e9 alimentaire et d\u00e9veloppement agricole en 2023, et cela parall\u00e8lement \u00e0 l&#8217;EXPO de 2023 Doha sur l&#8217;horticulture ;<br \/>\n14.    Nous renouvelons notre engagement \u00e0 continuer \u00e0 \u0153uvrer pour la r\u00e9forme de l&#8217;Organisation de la coop\u00e9ration islamique dans le but de d\u00e9velopper ses m\u00e9canismes de travail pour mieux suivre le rythme des changements r\u00e9gionaux et internationaux et des r\u00e9alit\u00e9s de l&#8217;\u00e8re moderne ;<br \/>\n15.    Nous rappelons les r\u00e9solutions et d\u00e9clarations pr\u00e9c\u00e9dentes \u00e9mises par l&#8217;Organisation de la coop\u00e9ration islamique au sommet et au niveau des ministres des affaires \u00e9trang\u00e8res concernant la r\u00e9forme des Nations unies et l&#8217;\u00e9largissement de la composition du Conseil de s\u00e9curit\u00e9, en accordant un si\u00e8ge permanent aux pays de l&#8217;Organisation de la coop\u00e9ration islamique de mani\u00e8re \u00e0 garantir une repr\u00e9sentation juste et \u00e9quitable de l&#8217;Oumma islamique ;<br \/>\n16.    Nous r\u00e9it\u00e9rons notre rejet du terrorisme sous toutes ses formes et manifestations, et condamnons toutes les tentatives visant \u00e0 l&#8217;associer \u00e0 un pays, une religion, un genre, une race ou une civilisation sp\u00e9cifiques, et renouvelons notre appel \u00e0 activer les m\u00e9canismes de solidarit\u00e9 et de compl\u00e9mentarit\u00e9 pour pr\u00e9venir les actes terroristes, conform\u00e9ment aux principes du droit international et des Chartes des Nations Unies et de l&#8217;Organisation de la coop\u00e9ration islamique ;<br \/>\n17.    Nous exprimons notre profonde pr\u00e9occupation face \u00e0 l&#8217;escalade du ph\u00e9nom\u00e8ne de l&#8217;islamophobie, de la haine des musulmans et des abus d\u00e9lib\u00e9r\u00e9s \u00e0 l&#8217;encontre des musulmans, des symboles et des valeurs sacr\u00e9es islamiques, parmi lesquels les insultes au Noble Proph\u00e8te Muhammad, que Dieu le b\u00e9nisse et lui accorde la paix \u00e9ternelle, ainsi que les incidents r\u00e9cents d&#8217;autodaf\u00e9 du saint Coran ;<br \/>\n18.    Nous exprimons notre pr\u00e9occupation face aux ph\u00e9nom\u00e8nes croissants d&#8217;asile et de d\u00e9placement humain dans diverses parties du monde, en particulier dans certains pays de l&#8217;Organisation de la coop\u00e9ration islamique, soulignons la n\u00e9cessit\u00e9 d&#8217;apporter un soutien aux pays qui accueillent des r\u00e9fugi\u00e9s et des personnes d\u00e9plac\u00e9es sur leur sol, et remercions les pays qui ont fourni des efforts \u00e0 cet \u00e9gard ;<br \/>\n19.    Nous r\u00e9affirmons la n\u00e9cessit\u00e9 de sauvegarder les droits  fondamentaux de la femme, y compris le droit \u00e0 la vie, \u00e0 la s\u00e9curit\u00e9 et \u00e0 la dignit\u00e9; et Saluons l&#8217;offre du Royaume d&#8217;Arabie Saoudite d&#8217;accueillir, en coordination avec le Secr\u00e9tariat g\u00e9n\u00e9ral de l&#8217;OCI, une conf\u00e9rence internationale sur la femme en Islam, avec la participation \u00e9largie des Oul\u00e9mas de l&#8217;Oummah islamique, en vue de mettre en lumi\u00e8re les droits et les obligations qui sont garanties \u00e0 la femme, en particulier le droit \u00e0 l&#8217;\u00e9ducation et \u00e0 l&#8217;emploi, conform\u00e9ment aux enseignements de la noble religion islamique ;<br \/>\n20.    Nous exhortons les \u00c9tats membres \u00e0 continuer \u00e0 \u0153uvrer au sein des instances internationales du syst\u00e8me des Nations Unies, y compris l&#8217;Assembl\u00e9e g\u00e9n\u00e9rale des Nations Unies et le Conseil des droits de l&#8217;homme, ainsi que les organisations internationales comp\u00e9tentes, afin de lutter contre les violations g\u00e9n\u00e9ralis\u00e9es des droits humains des Rohingyas musulmans, et de leur assurer une protection cons\u00e9quente ;<br \/>\n21.    Nous rappelons la D\u00e9claration de Kuala Lumpur adopt\u00e9e par le 8\u00e8me s\u00e9minaire international annuel de la CPIDH r\u00e9uni les 5 et 6 octobre 2022, qui appelle les Etats membres, la communaut\u00e9 internationale et les autres parties prenantes \u00e0 accorder aux r\u00e9fugi\u00e9s le droit d&#8217;acc\u00e8s \u00e0 l&#8217;\u00e9ducation ;<br \/>\n22.    Nous nous f\u00e9licitons de la normalisation des relations diplomatiques entre le Royaume d&#8217;Arabie Saoudite et la R\u00e9publique Islamique d&#8217;Iran, gr\u00e2ce aux bons offices de la R\u00e9publique Populaire de Chine ;<br \/>\n23.    Nous nous f\u00e9licitons de la d\u00e9cision propos\u00e9e par la R\u00e9publique islamique de Mauritanie appelant \u00e0 la mise en place d&#8217;un Fonds de soutien \u00e0 la jeunesse de la r\u00e9gion du Sahel et du bassin du lac Tchad en tant que partie int\u00e9grante d&#8217;une strat\u00e9gie globale de lutte contre l&#8217;extr\u00e9misme et de promotion des concepts de mod\u00e9ration consubstantiels \u00e0 la religion islamique authentique, le financement dudit Fonds devant se faire \u00e0 partir des contributions volontaires des Etats membres et du secteur priv\u00e9 , conform\u00e9ment aux proc\u00e9dures en vigueur au sein de l&#8217;Organisation ;<br \/>\n24.    Nous appr\u00e9cions les efforts de la R\u00e9publique Islamique de Mauritanie au service de l&#8217;Islam et des causes de l&#8217;Oumma, suivant en cela les traces des savants de Chinguit qui ont contribu\u00e9 \u00e0 diffuser le message \u00e9ternel de l&#8217;Islam dans toutes les r\u00e9gions du monde ;<br \/>\n25.    Nous f\u00e9licitons la R\u00e9publique islamique de Mauritanie pour le choix port\u00e9 sur Nouakchott comme capitale de la culture dans le monde islamique pour l&#8217;ann\u00e9e 2023, et saluons les activit\u00e9s et initiatives qu&#8217;elle m\u00e8ne dans ce domaine ;<br \/>\n26.    Nous appelons les Etats membres de l&#8217;OCI ainsi que ses institutions financi\u00e8res comp\u00e9tentes \u00e0 apporter avantage leur aides aux pays du Sahel et du Bassin du Lac Tchad en proie \u00e0 une recrudescence du terrorisme doubl\u00e9e d&#8217;une crise humanitaire ;<br \/>\n27.    Nous nous f\u00e9licitons et accueillons favorablement l&#8217;offre de la R\u00e9publique du Cameroun d&#8217;accueillir la cinquanti\u00e8me session du Conseil des ministres des affaires \u00e9trang\u00e8res des \u00c9tats membres de l&#8217;Organisation de la coop\u00e9ration islamique ;<br \/>\n28.    Nous nous f\u00e9licitons de la cessation du conflit arm\u00e9 entre la R\u00e9publique d&#8217;Azerba\u00efdjan et la R\u00e9publique d&#8217;Arm\u00e9nie. Nous r\u00e9affirmons notre enti\u00e8re solidarit\u00e9 avec le gouvernement et le peuple d&#8217;Azerba\u00efdjan dans leurs efforts de r\u00e9habilitation et de reconstruction des territoires lib\u00e9r\u00e9s qui ont \u00e9t\u00e9 s\u00e9v\u00e8rement affect\u00e9s par l&#8217;agression arm\u00e9nienne en vue de permettre le retour des PDI en toute s\u00e9curit\u00e9 et dans la dignit\u00e9. Nous appelons l&#8217;Arm\u00e9nie \u00e0 renoncer \u00e0 la rh\u00e9torique belliciste, \u00e0 mettre un terme et \u00e0 s&#8217;abstenir de porter atteinte \u00e0 la souverainet\u00e9 et \u00e0 l&#8217;int\u00e9grit\u00e9 territoriale de l&#8217;Azerba\u00efdjan et \u00e0 \u00e9tablir des relations inter-\u00e9tatiques de bon voisinage  avec l&#8217;Azerba\u00efdjan, bas\u00e9es sur le respect mutuel et la reconnaissance r\u00e9ciproque de la souverainet\u00e9, de l&#8217;int\u00e9grit\u00e9 territoriale et de l&#8217;inviolabilit\u00e9 des fronti\u00e8res internationales de l&#8217;un et l&#8217;autre pays.<br \/>\nSource OCI<\/p>\n","protected":false},"excerpt":{"rendered":"<p>&#8211; Nous, ministres des Affaires \u00e9trang\u00e8res et chefs de d\u00e9l\u00e9gations des \u00c9tats membres de l&#8217;Organisation de la coop\u00e9ration islamique participant aux travaux de la 49\u00e8me session du Conseil des ministres des Affaires \u00e9trang\u00e8res de l&#8217;Organisation, tenue \u00e0 Nouakchott, R\u00e9publique islamique de Mauritanie, les 24 -25 Cha\u00e2bane 1444H correspondant au 16-17 mars 2023 ; &#8211; Rappelant &hellip;<\/p>\n","protected":false},"author":2,"featured_media":0,"comment_status":"open","ping_status":"open","sticky":false,"template":"","format":"standard","meta":{"footnotes":""},"categories":[18,29],"tags":[],"class_list":["post-4853","post","type-post","status-publish","format-standard","hentry","category-actualites","category-monde"],"_links":{"self":[{"href":"https:\/\/ladepeche.mr\/index.php?rest_route=\/wp\/v2\/posts\/4853","targetHints":{"allow":["GET"]}}],"collection":[{"href":"https:\/\/ladepeche.mr\/index.php?rest_route=\/wp\/v2\/posts"}],"about":[{"href":"https:\/\/ladepeche.mr\/index.php?rest_route=\/wp\/v2\/types\/post"}],"author":[{"embeddable":true,"href":"https:\/\/ladepeche.mr\/index.php?rest_route=\/wp\/v2\/users\/2"}],"replies":[{"embeddable":true,"href":"https:\/\/ladepeche.mr\/index.php?rest_route=%2Fwp%2Fv2%2Fcomments&post=4853"}],"version-history":[{"count":1,"href":"https:\/\/ladepeche.mr\/index.php?rest_route=\/wp\/v2\/posts\/4853\/revisions"}],"predecessor-version":[{"id":4854,"href":"https:\/\/ladepeche.mr\/index.php?rest_route=\/wp\/v2\/posts\/4853\/revisions\/4854"}],"wp:attachment":[{"href":"https:\/\/ladepeche.mr\/index.php?rest_route=%2Fwp%2Fv2%2Fmedia&parent=4853"}],"wp:term":[{"taxonomy":"category","embeddable":true,"href":"https:\/\/ladepeche.mr\/index.php?rest_route=%2Fwp%2Fv2%2Fcategories&post=4853"},{"taxonomy":"post_tag","embeddable":true,"href":"https:\/\/ladepeche.mr\/index.php?rest_route=%2Fwp%2Fv2%2Ftags&post=4853"}],"curies":[{"name":"wp","href":"https:\/\/api.w.org\/{rel}","templated":true}]}}