{"id":4855,"date":"2023-03-19T20:41:01","date_gmt":"2023-03-19T20:41:01","guid":{"rendered":"https:\/\/ladepeche.mr\/?p=4855"},"modified":"2023-03-19T20:42:20","modified_gmt":"2023-03-19T20:42:20","slug":"le-chef-du-regime-syrien-bachar-al-assad-arrive-aux-eau","status":"publish","type":"post","link":"https:\/\/ladepeche.mr\/?p=4855","title":{"rendered":"Le chef du r\u00e9gime syrien, Bachar al-Assad arrive aux EAU"},"content":{"rendered":"<p>Le chef du r\u00e9gime syrien, Bachar al-Assad, est arriv\u00e9 dimanche aux \u00c9mirats arabes unis.<\/p>\n<p>C&#8217;est ce qui a \u00e9t\u00e9 rapport\u00e9, dans un bref communiqu\u00e9, par l&#8217;agence de presse du r\u00e9gime syrien SANA, sans pr\u00e9ciser la dur\u00e9e de la visite, alors que la partie \u00e9miratie n&#8217;a rien publi\u00e9 \u00e0 ce sujet dans l&#8217;imm\u00e9diat.<\/p>\n<p>&#8220;Accompagn\u00e9 de sa femme Asma, Bashar al-Assad est arriv\u00e9 aux \u00c9mirats arabes unis pour une visite officielle&#8221;, a ajout\u00e9 la m\u00eame source.<\/p>\n<p>Le 19 mars 2022, Bachar al-Assad s&#8217;est rendu aux EAU, sa premi\u00e8re visite dans un pays arabe depuis le d\u00e9clenchement de protestations populaires massives en 2011 contre lui et le gel de l&#8217;adh\u00e9sion de Damas \u00e0 la Ligue arabe.<br \/>\nhttps:\/\/www.aa.com.tr\/fr\/monde\/le-chef-du-r\u00e9gime-syrien-bachar-al-assad-arrive-aux-eau\/2849979<\/p>\n","protected":false},"excerpt":{"rendered":"<p>Le chef du r\u00e9gime syrien, Bachar al-Assad, est arriv\u00e9 dimanche aux \u00c9mirats arabes unis. C&#8217;est ce qui a \u00e9t\u00e9 rapport\u00e9, dans un bref communiqu\u00e9, par l&#8217;agence de presse du r\u00e9gime syrien SANA, sans pr\u00e9ciser la dur\u00e9e de la visite, alors que la partie \u00e9miratie n&#8217;a rien publi\u00e9 \u00e0 ce sujet dans l&#8217;imm\u00e9diat. &#8220;Accompagn\u00e9 de sa &hellip;<\/p>\n","protected":false},"author":2,"featured_media":4857,"comment_status":"open","ping_status":"open","sticky":false,"template":"","format":"standard","meta":{"footnotes":""},"categories":[18,29],"tags":[],"class_list":["post-4855","post","type-post","status-publish","format-standard","has-post-thumbnail","hentry","category-actualites","category-monde"],"_links":{"self":[{"href":"https:\/\/ladepeche.mr\/index.php?rest_route=\/wp\/v2\/posts\/4855","targetHints":{"allow":["GET"]}}],"collection":[{"href":"https:\/\/ladepeche.mr\/index.php?rest_route=\/wp\/v2\/posts"}],"about":[{"href":"https:\/\/ladepeche.mr\/index.php?rest_route=\/wp\/v2\/types\/post"}],"author":[{"embeddable":true,"href":"https:\/\/ladepeche.mr\/index.php?rest_route=\/wp\/v2\/users\/2"}],"replies":[{"embeddable":true,"href":"https:\/\/ladepeche.mr\/index.php?rest_route=%2Fwp%2Fv2%2Fcomments&post=4855"}],"version-history":[{"count":2,"href":"https:\/\/ladepeche.mr\/index.php?rest_route=\/wp\/v2\/posts\/4855\/revisions"}],"predecessor-version":[{"id":4858,"href":"https:\/\/ladepeche.mr\/index.php?rest_route=\/wp\/v2\/posts\/4855\/revisions\/4858"}],"wp:featuredmedia":[{"embeddable":true,"href":"https:\/\/ladepeche.mr\/index.php?rest_route=\/wp\/v2\/media\/4857"}],"wp:attachment":[{"href":"https:\/\/ladepeche.mr\/index.php?rest_route=%2Fwp%2Fv2%2Fmedia&parent=4855"}],"wp:term":[{"taxonomy":"category","embeddable":true,"href":"https:\/\/ladepeche.mr\/index.php?rest_route=%2Fwp%2Fv2%2Fcategories&post=4855"},{"taxonomy":"post_tag","embeddable":true,"href":"https:\/\/ladepeche.mr\/index.php?rest_route=%2Fwp%2Fv2%2Ftags&post=4855"}],"curies":[{"name":"wp","href":"https:\/\/api.w.org\/{rel}","templated":true}]}}