{"id":4863,"date":"2023-03-21T15:45:58","date_gmt":"2023-03-21T15:45:58","guid":{"rendered":"https:\/\/ladepeche.mr\/?p=4863"},"modified":"2023-03-21T15:57:08","modified_gmt":"2023-03-21T15:57:08","slug":"elections-generales-avis-de-fronde-generale-contre-insaf","status":"publish","type":"post","link":"https:\/\/ladepeche.mr\/?p=4863","title":{"rendered":"Candidatures aux \u00e9lections: Avis de fronde g\u00e9n\u00e9rale contre \u00ab El Insaf \u00bb"},"content":{"rendered":"<p>Depuis dimanche, 19 mars 2023, date de divulgation de ses candidats aux \u00e9lections g\u00e9n\u00e9rales, la col\u00e8re grossit au sein des militants du parti au pouvoir \u00abInsaf\u00bb.Certaines personnalit\u00e9s annoncent qu\u2019elles jettent l\u2019\u00e9ponge et appellent \u00e0 un vote sanction. Des hakems ont m\u00eame \u00e9t\u00e9 pris d&#8217;assaut pour t\u00e9moigner du rejet des propositions du parti.<\/p>\n<p>Le parti \u00abInsaf \u00bb est aujourd\u2019hui au creux de la vague d\u2019une contestation inattendue et g\u00e9n\u00e9ralis\u00e9e. A l\u2019origine de ce qui semble \u00eatre un tsunami politique les choix des candidats de ce parti pour les prochaines \u00e9lections g\u00e9n\u00e9rales pr\u00e9vues le 13 mai 2023.<br \/>\nLe parti \u00abInsaf\u00bb semblait man\u0153uvrer pour circonscrire \u00ables m\u00e9contents \u00bb qui se manifestent \u00e0 toutes les \u00e9lections apr\u00e8s des choix souvent douloureux et contestables. Mais cette fois la secousse semble tr\u00e8s r\u00e9pandue notamment chez des personnalit\u00e9s proches du r\u00e9gime, au sein de fonctionnaires et dans les fiefs traditionnels du parti au pouvoir. Si le parti consid\u00e8re, peut-\u00eatre, avoir coup\u00e9 la poire entre vieilles gardes du parti dont plus de la moiti\u00e9 a \u00e9t\u00e9 reconduite et qu\u2019il ait observ\u00e9 une importante dose de renouvellement de sa repr\u00e9sentation, le sentiment des frondeurs est qu\u2019ils ont \u00e9t\u00e9 trahis par des choix qui ne refl\u00e8teraient pas les aspirations des \u00e9lecteurs. Ils s\u2019insurgent aussi contre le maintien ad vitam \u00e6ternam de personnalit\u00e9s politiques et de leurs prog\u00e9nitures. Et l\u00e0 les exemples sont l\u00e9gions depuis plus d\u2019une quarantaine d\u2019ann\u00e9es. On prend les m\u00eames et rebelote.<br \/>\nJamais pourtant fronde n\u2019a \u00e9t\u00e9 aussi importante contre un parti au pouvoir. \u00abInsaf\u00bb inaugure, \u00e0 ses d\u00e9pens, la premi\u00e8re exp\u00e9rience de gestion et de participation \u00e0 une \u00e9lection sous sa nouvelle enseigne et son nouveau directoire. Beaucoup d\u2019erreurs ont \u00e9t\u00e9 commises sciemment ou non dont entre autres la mise en rade de tribus num\u00e9riquement et qualitativement imposantes sur l\u2019\u00e9chiquier.<br \/>\nLa situation du parti est on ne peut plus critique aujourd\u2019hui face aux appels au vote sanction contre le parti dont d\u2019ex-militants parmi les plus t\u00e9m\u00e9raires ont d\u00e9missionn\u00e9 et promis de faire vivre au parti une d\u00e9faite cuisante. Certains des d\u00e9missionnaires n\u2019h\u00e9sitent m\u00eame pas \u00e0 proposer de voter pour le compte du parti \u00abRibat \u00bb de Dr Louleid ; un clin d\u2019\u0153il \u00e0 l\u2019ancien pr\u00e9sident Mohamed Ould Abdelaziz.<br \/>\nDans le meilleur des cas, pour Insaf, ces m\u00e9contents vont aller grossir les rangs de la Majorit\u00e9 pr\u00e9sidentielle qui pourrait leur servir de rampe de lancement pour briguer le suffrage des \u00e9lecteurs en contrecarrant les candidats du parti au pouvoir.<br \/>\nA moins que tout ceci ne se termine par les conciliabules pour prouver qu\u2019il ne s\u2019agissait, en fait, que d\u2019une temp\u00eate dans un verre d\u2019eau. Le mot d\u2019ordre ne sera donc jamais lanc\u00e9.<br \/>\nJD<\/p>\n","protected":false},"excerpt":{"rendered":"<p>Depuis dimanche, 19 mars 2023, date de divulgation de ses candidats aux \u00e9lections g\u00e9n\u00e9rales, la col\u00e8re grossit au sein des militants du parti au pouvoir \u00abInsaf\u00bb.Certaines personnalit\u00e9s annoncent qu\u2019elles jettent l\u2019\u00e9ponge et appellent \u00e0 un vote sanction. Des hakems ont m\u00eame \u00e9t\u00e9 pris d&#8217;assaut pour t\u00e9moigner du rejet des propositions du parti. Le parti \u00abInsaf &hellip;<\/p>\n","protected":false},"author":2,"featured_media":4864,"comment_status":"open","ping_status":"open","sticky":false,"template":"","format":"standard","meta":{"footnotes":""},"categories":[18],"tags":[],"class_list":["post-4863","post","type-post","status-publish","format-standard","has-post-thumbnail","hentry","category-actualites"],"_links":{"self":[{"href":"https:\/\/ladepeche.mr\/index.php?rest_route=\/wp\/v2\/posts\/4863","targetHints":{"allow":["GET"]}}],"collection":[{"href":"https:\/\/ladepeche.mr\/index.php?rest_route=\/wp\/v2\/posts"}],"about":[{"href":"https:\/\/ladepeche.mr\/index.php?rest_route=\/wp\/v2\/types\/post"}],"author":[{"embeddable":true,"href":"https:\/\/ladepeche.mr\/index.php?rest_route=\/wp\/v2\/users\/2"}],"replies":[{"embeddable":true,"href":"https:\/\/ladepeche.mr\/index.php?rest_route=%2Fwp%2Fv2%2Fcomments&post=4863"}],"version-history":[{"count":5,"href":"https:\/\/ladepeche.mr\/index.php?rest_route=\/wp\/v2\/posts\/4863\/revisions"}],"predecessor-version":[{"id":4869,"href":"https:\/\/ladepeche.mr\/index.php?rest_route=\/wp\/v2\/posts\/4863\/revisions\/4869"}],"wp:featuredmedia":[{"embeddable":true,"href":"https:\/\/ladepeche.mr\/index.php?rest_route=\/wp\/v2\/media\/4864"}],"wp:attachment":[{"href":"https:\/\/ladepeche.mr\/index.php?rest_route=%2Fwp%2Fv2%2Fmedia&parent=4863"}],"wp:term":[{"taxonomy":"category","embeddable":true,"href":"https:\/\/ladepeche.mr\/index.php?rest_route=%2Fwp%2Fv2%2Fcategories&post=4863"},{"taxonomy":"post_tag","embeddable":true,"href":"https:\/\/ladepeche.mr\/index.php?rest_route=%2Fwp%2Fv2%2Ftags&post=4863"}],"curies":[{"name":"wp","href":"https:\/\/api.w.org\/{rel}","templated":true}]}}