{"id":4870,"date":"2023-03-21T16:32:29","date_gmt":"2023-03-21T16:32:29","guid":{"rendered":"https:\/\/ladepeche.mr\/?p=4870"},"modified":"2023-03-21T16:32:29","modified_gmt":"2023-03-21T16:32:29","slug":"index-du-terrorisme-dans-le-monde-en-2023-la-mauritanie-parmi-les-pays-les-moins-touches","status":"publish","type":"post","link":"https:\/\/ladepeche.mr\/?p=4870","title":{"rendered":"Index du terrorisme dans le monde en 2023 : La Mauritanie parmi les pays les moins touch\u00e9s"},"content":{"rendered":"<p>La Mauritanie fait figure avec quelques rares pays africains de place s\u00fbre et peu impact\u00e9s par ce ph\u00e9nom\u00e8ne si l\u2019on en croit le dernier rapport \u00ab Index sur le terrorisme dans le monde \u00bb pour son \u00e9dition 2023.<br \/>\nLa Mauritanie est mieux class\u00e9e que tous les autres pays du Sahel dont elle assure aujourd\u2019hui la pr\u00e9sidence. Quatre des 5 pays du Sahel se trouvent dans la zone rouge. Alors que le Burkina Faso est class\u00e9 \u00e0 la seconde place sur l\u2019\u00e9chiquier des pays soumis au terrorisme, derri\u00e8re l\u2019Afghanistan, il est suivi par la Somalie (3\u00e8me) et le Mali (4\u00e8me). Le Niger est lui class\u00e9 10\u00e8me alors que le Tchad occupe la 19\u00e8me place des pays les plus touch\u00e9s par le terrorisme. La Mauritanie est au 87 \u00e8me rang sur les 163 pays analys\u00e9 par l\u2019index.<\/p>\n<p>Nous y reviendrons plus en d\u00e9tails<\/p>\n","protected":false},"excerpt":{"rendered":"<p>La Mauritanie fait figure avec quelques rares pays africains de place s\u00fbre et peu impact\u00e9s par ce ph\u00e9nom\u00e8ne si l\u2019on en croit le dernier rapport \u00ab Index sur le terrorisme dans le monde \u00bb pour son \u00e9dition 2023. La Mauritanie est mieux class\u00e9e que tous les autres pays du Sahel dont elle assure aujourd\u2019hui la &hellip;<\/p>\n","protected":false},"author":2,"featured_media":4871,"comment_status":"open","ping_status":"open","sticky":false,"template":"","format":"standard","meta":{"footnotes":""},"categories":[18,29],"tags":[],"class_list":["post-4870","post","type-post","status-publish","format-standard","has-post-thumbnail","hentry","category-actualites","category-monde"],"_links":{"self":[{"href":"https:\/\/ladepeche.mr\/index.php?rest_route=\/wp\/v2\/posts\/4870","targetHints":{"allow":["GET"]}}],"collection":[{"href":"https:\/\/ladepeche.mr\/index.php?rest_route=\/wp\/v2\/posts"}],"about":[{"href":"https:\/\/ladepeche.mr\/index.php?rest_route=\/wp\/v2\/types\/post"}],"author":[{"embeddable":true,"href":"https:\/\/ladepeche.mr\/index.php?rest_route=\/wp\/v2\/users\/2"}],"replies":[{"embeddable":true,"href":"https:\/\/ladepeche.mr\/index.php?rest_route=%2Fwp%2Fv2%2Fcomments&post=4870"}],"version-history":[{"count":1,"href":"https:\/\/ladepeche.mr\/index.php?rest_route=\/wp\/v2\/posts\/4870\/revisions"}],"predecessor-version":[{"id":4872,"href":"https:\/\/ladepeche.mr\/index.php?rest_route=\/wp\/v2\/posts\/4870\/revisions\/4872"}],"wp:featuredmedia":[{"embeddable":true,"href":"https:\/\/ladepeche.mr\/index.php?rest_route=\/wp\/v2\/media\/4871"}],"wp:attachment":[{"href":"https:\/\/ladepeche.mr\/index.php?rest_route=%2Fwp%2Fv2%2Fmedia&parent=4870"}],"wp:term":[{"taxonomy":"category","embeddable":true,"href":"https:\/\/ladepeche.mr\/index.php?rest_route=%2Fwp%2Fv2%2Fcategories&post=4870"},{"taxonomy":"post_tag","embeddable":true,"href":"https:\/\/ladepeche.mr\/index.php?rest_route=%2Fwp%2Fv2%2Ftags&post=4870"}],"curies":[{"name":"wp","href":"https:\/\/api.w.org\/{rel}","templated":true}]}}