{"id":4873,"date":"2023-03-22T00:08:32","date_gmt":"2023-03-22T00:08:32","guid":{"rendered":"https:\/\/ladepeche.mr\/?p=4873"},"modified":"2023-03-22T00:08:51","modified_gmt":"2023-03-22T00:08:51","slug":"remous-des-inestitures-le-parti-el-insaf-met-en-garde-les-recalcitrants","status":"publish","type":"post","link":"https:\/\/ladepeche.mr\/?p=4873","title":{"rendered":"Remous des investitures : le parti \u00abEl Insaf \u00bb met en garde les r\u00e9calcitrants"},"content":{"rendered":"<p>Le parti \u00ab El Insaf \u00bb a rendu public, mardi soir, un communiqu\u00e9 de presse en r\u00e9action aux remous au sein de ses rangs \u00e0 l\u2019occasion des candidats investis qu\u2019il s\u2019est choisis pour briguer en son nom le suffrage des \u00e9lecteurs lors des prochaines \u00e9lections g\u00e9n\u00e9rales, pr\u00e9vues le 13 mai prochain.<br \/>\nDans ce communiqu\u00e9, le parti dit comprendre les d\u00e9ceptions de certains de ses militants \u00e0 l\u2019issue de comp\u00e9titions pour l&#8217;investiture. Mais il menace les militants se pr\u00e9sentant sous les couleurs d\u2019autres partis de sanctions.<br \/>\nLe parti dit aussi \u00eatre vigilant quant \u00e0 certaines man\u0153uvres de candidats investis et qui lui feraient \u00ab concurrence dans d&#8217;autres circonscriptions \u00bb. \u00ab El Insaf\u00bb met en garde les personnes concern\u00e9es de voir leurs candidatures retir\u00e9es par le parti.<br \/>\nPlusieurs personnalit\u00e9s et responsables issus du parti \u00abEl Insaf \u00bb, d\u00e9\u00e7us par ses choix d\u2019investiture, ont dit quitter ses rangs et se porter candidats sous d\u2019autres couleurs lors des futures.<\/p>\n","protected":false},"excerpt":{"rendered":"<p>Le parti \u00ab El Insaf \u00bb a rendu public, mardi soir, un communiqu\u00e9 de presse en r\u00e9action aux remous au sein de ses rangs \u00e0 l\u2019occasion des candidats investis qu\u2019il s\u2019est choisis pour briguer en son nom le suffrage des \u00e9lecteurs lors des prochaines \u00e9lections g\u00e9n\u00e9rales, pr\u00e9vues le 13 mai prochain. Dans ce communiqu\u00e9, le &hellip;<\/p>\n","protected":false},"author":2,"featured_media":4874,"comment_status":"open","ping_status":"open","sticky":false,"template":"","format":"standard","meta":{"footnotes":""},"categories":[18],"tags":[],"class_list":["post-4873","post","type-post","status-publish","format-standard","has-post-thumbnail","hentry","category-actualites"],"_links":{"self":[{"href":"https:\/\/ladepeche.mr\/index.php?rest_route=\/wp\/v2\/posts\/4873","targetHints":{"allow":["GET"]}}],"collection":[{"href":"https:\/\/ladepeche.mr\/index.php?rest_route=\/wp\/v2\/posts"}],"about":[{"href":"https:\/\/ladepeche.mr\/index.php?rest_route=\/wp\/v2\/types\/post"}],"author":[{"embeddable":true,"href":"https:\/\/ladepeche.mr\/index.php?rest_route=\/wp\/v2\/users\/2"}],"replies":[{"embeddable":true,"href":"https:\/\/ladepeche.mr\/index.php?rest_route=%2Fwp%2Fv2%2Fcomments&post=4873"}],"version-history":[{"count":2,"href":"https:\/\/ladepeche.mr\/index.php?rest_route=\/wp\/v2\/posts\/4873\/revisions"}],"predecessor-version":[{"id":4876,"href":"https:\/\/ladepeche.mr\/index.php?rest_route=\/wp\/v2\/posts\/4873\/revisions\/4876"}],"wp:featuredmedia":[{"embeddable":true,"href":"https:\/\/ladepeche.mr\/index.php?rest_route=\/wp\/v2\/media\/4874"}],"wp:attachment":[{"href":"https:\/\/ladepeche.mr\/index.php?rest_route=%2Fwp%2Fv2%2Fmedia&parent=4873"}],"wp:term":[{"taxonomy":"category","embeddable":true,"href":"https:\/\/ladepeche.mr\/index.php?rest_route=%2Fwp%2Fv2%2Fcategories&post=4873"},{"taxonomy":"post_tag","embeddable":true,"href":"https:\/\/ladepeche.mr\/index.php?rest_route=%2Fwp%2Fv2%2Ftags&post=4873"}],"curies":[{"name":"wp","href":"https:\/\/api.w.org\/{rel}","templated":true}]}}