{"id":4886,"date":"2023-03-22T20:32:52","date_gmt":"2023-03-22T20:32:52","guid":{"rendered":"https:\/\/ladepeche.mr\/?p=4886"},"modified":"2023-03-22T20:32:52","modified_gmt":"2023-03-22T20:32:52","slug":"communique-du-conseil-des-ministres-du-mercredi-22-mars-2023","status":"publish","type":"post","link":"https:\/\/ladepeche.mr\/?p=4886","title":{"rendered":"Communiqu\u00e9 du Conseil des Ministres du mercredi 22 mars 2023"},"content":{"rendered":"<p>Conseil des Ministres s\u2019est r\u00e9uni le mercredi 22 mars 2023, sous la Pr\u00e9sidence de Son Excellence Monsieur le Pr\u00e9sident de la R\u00e9publique, Mohamed Ould Cheikh El-Ghazouani.<\/p>\n<p>Le Conseil a examin\u00e9 et adopt\u00e9 les deux projets de d\u00e9crets suivants :<\/p>\n<p>\u2010 Projet de d\u00e9cret portant cr\u00e9ation et organisation d\u2019un \u00e9tablissement public \u00e0 caract\u00e8re industriel et commercial d\u00e9nomm\u00e9 \u00ab Office National de Normalisation et de M\u00e9trologie (ONANOR) \u00bb et fixant ses r\u00e8gles de fonctionnement.<\/p>\n<p>Le pr\u00e9sent projet de d\u00e9cret propose la mise en place d\u2019une structure institutionnelle r\u00e9pondant au besoin local en mati\u00e8re de normalisation et de m\u00e9trologie, tout en \u00e9tant capable de garantir la fiabilit\u00e9 des mesures, d\u2019accro\u00eetre la confiance envers les r\u00e9sultats des analyses et des essais. <\/p>\n<p>Cette structure qui est cens\u00e9 ouvrir la voie \u00e0 une reconnaissance mutuelle internationale, contribuera \u00e9galement \u00e0 l\u2019\u00e9limination des obstacles techniques du commerce pour la facilitation du commerce international, de m\u00eame qu\u2019\u00e0 la protection de la sant\u00e9 et la s\u00e9curit\u00e9 des citoyens et de l\u2019environnement. Ce qui ne manquera pas d\u2019avoir une incidence positive sur le bien-\u00eatre et le niveau de vie dans notre pays.<\/p>\n<p>\u2010 Projet de d\u00e9cret portant cr\u00e9ation de l\u2019Observatoire National des Droits de la Femme et de la Filles.<\/p>\n<p>Le pr\u00e9sent projet de d\u00e9cret porte sur la r\u00e9vision du d\u00e9cret portant cr\u00e9ation de l\u2019Observatoire. Un ensemble de nouvelles dispositions d\u2019organisation y ont \u00e9t\u00e9 inclues pour consacrer \u00e0 l\u2019Observatoire son ind\u00e9pendance et en faire une r\u00e9f\u00e9rence dans ses rapports avec le Gouvernement et les instances nationales, r\u00e9gionales et internationales.<\/p>\n<p>Dans ce cadre, l\u2019Observatoire sera rattach\u00e9, suivant le pr\u00e9sent projet de d\u00e9cret, au Premier Minist\u00e8re, pour jouer son r\u00f4le ind\u00e9pendamment de tous les d\u00e9partements et institutions de l\u2019Etat.<\/p>\n<p>Abordant la visite de travail effectu\u00e9e par SEM le Pr\u00e9sident de la R\u00e9publique du vendredi au samedi (17\u201318 mars 2023) dans la wilaya du Gorgol \u00e0 l\u2019occasion de l\u2019ouverture de la premi\u00e8re \u00e9dition du Festival Culturel de Djowol, le Conseil des Ministres adresse ses remerciements et ses vives f\u00e9licitations aux populations de cette wilaya en g\u00e9n\u00e9ral et celles de Djowol et de Ka\u00e9di en particulier, pour la grande mobilisation et la chaleur de l\u2019accueil r\u00e9serv\u00e9 \u00e0 SEM le Pr\u00e9sident de la R\u00e9publique et la d\u00e9l\u00e9gation qui l\u2019a accompagn\u00e9 au cours de cette visite.<\/p>\n<p>L\u2019objectif vis\u00e9 \u00e0 travers l\u2019organisation de ce Festival est de contribuer \u00e0 la mise en \u0153uvre du projet de soci\u00e9t\u00e9 de SEM le Pr\u00e9sident de la R\u00e9publique Mohamed Ould Cheikh El Ghazouani qui tient compte de notre diversit\u00e9 culturelle et met en valeur le rayonnement religieux, spirituel et artistique des r\u00e9gions de la vall\u00e9e, caract\u00e9ris\u00e9e par une sp\u00e9cificit\u00e9 historique et fond\u00e9e sur la fraternit\u00e9, la coh\u00e9sion et le bon voisinage.<\/p>\n<p>Le Ministre des Affaires Etrang\u00e8res, de la Coop\u00e9ration et des Mauritaniens de l\u2019Ext\u00e9rieur a pr\u00e9sent\u00e9 une communication relative \u00e0 la situation internationale.<\/p>\n<p>Le Ministre de l\u2019Int\u00e9rieur et de la D\u00e9centralisation a pr\u00e9sent\u00e9 une communication relative \u00e0 la situation int\u00e9rieure.<br \/>\nAmi<\/p>\n","protected":false},"excerpt":{"rendered":"<p>Conseil des Ministres s\u2019est r\u00e9uni le mercredi 22 mars 2023, sous la Pr\u00e9sidence de Son Excellence Monsieur le Pr\u00e9sident de la R\u00e9publique, Mohamed Ould Cheikh El-Ghazouani. Le Conseil a examin\u00e9 et adopt\u00e9 les deux projets de d\u00e9crets suivants : \u2010 Projet de d\u00e9cret portant cr\u00e9ation et organisation d\u2019un \u00e9tablissement public \u00e0 caract\u00e8re industriel et commercial &hellip;<\/p>\n","protected":false},"author":2,"featured_media":4740,"comment_status":"open","ping_status":"open","sticky":false,"template":"","format":"standard","meta":{"footnotes":""},"categories":[18],"tags":[],"class_list":["post-4886","post","type-post","status-publish","format-standard","has-post-thumbnail","hentry","category-actualites"],"_links":{"self":[{"href":"https:\/\/ladepeche.mr\/index.php?rest_route=\/wp\/v2\/posts\/4886","targetHints":{"allow":["GET"]}}],"collection":[{"href":"https:\/\/ladepeche.mr\/index.php?rest_route=\/wp\/v2\/posts"}],"about":[{"href":"https:\/\/ladepeche.mr\/index.php?rest_route=\/wp\/v2\/types\/post"}],"author":[{"embeddable":true,"href":"https:\/\/ladepeche.mr\/index.php?rest_route=\/wp\/v2\/users\/2"}],"replies":[{"embeddable":true,"href":"https:\/\/ladepeche.mr\/index.php?rest_route=%2Fwp%2Fv2%2Fcomments&post=4886"}],"version-history":[{"count":1,"href":"https:\/\/ladepeche.mr\/index.php?rest_route=\/wp\/v2\/posts\/4886\/revisions"}],"predecessor-version":[{"id":4887,"href":"https:\/\/ladepeche.mr\/index.php?rest_route=\/wp\/v2\/posts\/4886\/revisions\/4887"}],"wp:featuredmedia":[{"embeddable":true,"href":"https:\/\/ladepeche.mr\/index.php?rest_route=\/wp\/v2\/media\/4740"}],"wp:attachment":[{"href":"https:\/\/ladepeche.mr\/index.php?rest_route=%2Fwp%2Fv2%2Fmedia&parent=4886"}],"wp:term":[{"taxonomy":"category","embeddable":true,"href":"https:\/\/ladepeche.mr\/index.php?rest_route=%2Fwp%2Fv2%2Fcategories&post=4886"},{"taxonomy":"post_tag","embeddable":true,"href":"https:\/\/ladepeche.mr\/index.php?rest_route=%2Fwp%2Fv2%2Ftags&post=4886"}],"curies":[{"name":"wp","href":"https:\/\/api.w.org\/{rel}","templated":true}]}}