{"id":4888,"date":"2023-03-23T16:06:23","date_gmt":"2023-03-23T16:06:23","guid":{"rendered":"https:\/\/ladepeche.mr\/?p=4888"},"modified":"2023-03-23T16:06:23","modified_gmt":"2023-03-23T16:06:23","slug":"police-le-dgsn-inaugure-un-marche-destine-a-financer-les-oeuvres-sociales-du-corps","status":"publish","type":"post","link":"https:\/\/ladepeche.mr\/?p=4888","title":{"rendered":"Police : Le DGSN inaugure un march\u00e9 destin\u00e9 \u00e0 financer les \u0153uvres sociales du corps"},"content":{"rendered":"<p>Le Directeur g\u00e9n\u00e9ral de la suret\u00e9 nationale, le g\u00e9n\u00e9ral de division, Mesgharou Ould Sidi, a pr\u00e9sid\u00e9, mercredi \u00e0 Nouadhibou, en pr\u00e9sence du gouverneur de la r\u00e9gion, Mahi Ould Hamed, la c\u00e9r\u00e9monie d\u2019inauguration d\u2019un march\u00e9 dont les ressources sont destin\u00e9es \u00e0 financer des \u0153uvres sociales au profit du corps de la police nationale.<br \/>\nLa construction de ce nouveau march\u00e9, compos\u00e9 de 16 magasins et d\u2019une grande aire destin\u00e9s aux \u00e9tals, a \u00e9t\u00e9 faire sur le fonds social du corps de la police nationale.<br \/>\nLa gestion du march\u00e9 inaugur\u00e9 est de la responsabilit\u00e9 de l\u2019administration g\u00e9n\u00e9rale de la s\u00e9curit\u00e9 nationale.<br \/>\nLes dividendes de son activit\u00e9 reviendront au fonds de solidarit\u00e9 sociale de la police afin de continuer de financer des \u0153uvres sociales au b\u00e9n\u00e9fice du personnel de la police nationale en activit\u00e9 mais aussi pour rester au chevet des retrait\u00e9s du corps qui pourraient \u00e9galement en jouir.<br \/>\nA noter que le Directeur G\u00e9n\u00e9ral de la S\u00fbret\u00e9 Nationale, le g\u00e9n\u00e9ral de division, Mesgharou Ould Sidi a, par ailleurs, visit\u00e9, lors de son s\u00e9jour dans la capitale \u00e9conomique, les structures r\u00e9gionales de la police o\u00f9 il a eu droit \u00e0 des explications du Commissaire divisionnaire, Mohammad Abdallahi Ould Tolba dit Essevir, sur la situation et les d\u00e9fis de ses structures.<br \/>\n(avec agence)<\/p>\n","protected":false},"excerpt":{"rendered":"<p>Le Directeur g\u00e9n\u00e9ral de la suret\u00e9 nationale, le g\u00e9n\u00e9ral de division, Mesgharou Ould Sidi, a pr\u00e9sid\u00e9, mercredi \u00e0 Nouadhibou, en pr\u00e9sence du gouverneur de la r\u00e9gion, Mahi Ould Hamed, la c\u00e9r\u00e9monie d\u2019inauguration d\u2019un march\u00e9 dont les ressources sont destin\u00e9es \u00e0 financer des \u0153uvres sociales au profit du corps de la police nationale. La construction de &hellip;<\/p>\n","protected":false},"author":2,"featured_media":4889,"comment_status":"open","ping_status":"open","sticky":false,"template":"","format":"standard","meta":{"footnotes":""},"categories":[18],"tags":[],"class_list":["post-4888","post","type-post","status-publish","format-standard","has-post-thumbnail","hentry","category-actualites"],"_links":{"self":[{"href":"https:\/\/ladepeche.mr\/index.php?rest_route=\/wp\/v2\/posts\/4888","targetHints":{"allow":["GET"]}}],"collection":[{"href":"https:\/\/ladepeche.mr\/index.php?rest_route=\/wp\/v2\/posts"}],"about":[{"href":"https:\/\/ladepeche.mr\/index.php?rest_route=\/wp\/v2\/types\/post"}],"author":[{"embeddable":true,"href":"https:\/\/ladepeche.mr\/index.php?rest_route=\/wp\/v2\/users\/2"}],"replies":[{"embeddable":true,"href":"https:\/\/ladepeche.mr\/index.php?rest_route=%2Fwp%2Fv2%2Fcomments&post=4888"}],"version-history":[{"count":1,"href":"https:\/\/ladepeche.mr\/index.php?rest_route=\/wp\/v2\/posts\/4888\/revisions"}],"predecessor-version":[{"id":4890,"href":"https:\/\/ladepeche.mr\/index.php?rest_route=\/wp\/v2\/posts\/4888\/revisions\/4890"}],"wp:featuredmedia":[{"embeddable":true,"href":"https:\/\/ladepeche.mr\/index.php?rest_route=\/wp\/v2\/media\/4889"}],"wp:attachment":[{"href":"https:\/\/ladepeche.mr\/index.php?rest_route=%2Fwp%2Fv2%2Fmedia&parent=4888"}],"wp:term":[{"taxonomy":"category","embeddable":true,"href":"https:\/\/ladepeche.mr\/index.php?rest_route=%2Fwp%2Fv2%2Fcategories&post=4888"},{"taxonomy":"post_tag","embeddable":true,"href":"https:\/\/ladepeche.mr\/index.php?rest_route=%2Fwp%2Fv2%2Ftags&post=4888"}],"curies":[{"name":"wp","href":"https:\/\/api.w.org\/{rel}","templated":true}]}}