{"id":4895,"date":"2023-03-24T23:52:26","date_gmt":"2023-03-24T23:52:26","guid":{"rendered":"https:\/\/ladepeche.mr\/?p=4895"},"modified":"2023-03-25T00:01:40","modified_gmt":"2023-03-25T00:01:40","slug":"ceni-candidature-de-145-listes-regionales-et-1324-municipales-pour-les-prochaines-elections-ceni","status":"publish","type":"post","link":"https:\/\/ladepeche.mr\/?p=4895","title":{"rendered":"Elections: Candidature de 145 listes pour les r\u00e9gionales et 1324 pour les municipales (C\u00e9ni)"},"content":{"rendered":"<p>La Commission Electorale Nationale Ind\u00e9pendante(CENI) a annonc\u00e9, vendredi, l\u2019ach\u00e8vement de la r\u00e9ception des dossiers de candidature pour les \u00e9lections r\u00e9gionales et municipales, jeudi soir, sur l\u2019ensemble du territoire national dans une atmosph\u00e8re de discipline et de transparence.<\/p>\n<p>La CENI a pr\u00e9cis\u00e9, dans un communiqu\u00e9 de presse parvenu \u00e0 l\u2019AMI, que le nombre de partis politiques ayant d\u00e9pos\u00e9 des listes atteignait 25, soit le nombre total de partis politiques l\u00e9galement reconnus), tandis que le nombre de listes r\u00e9gionales atteignait 145 listes, tandis que celui des municipales est de 1324 listes.<\/p>\n<p>La commission a, \u00e9galement, indiqu\u00e9 que les listes approuv\u00e9es seront publi\u00e9es d\u00e8s l\u2019ach\u00e8vement du d\u00e9lai de validation.<\/p>\n<p>Les listes candidates se r\u00e9partissent par wilaya comme suit :<\/p>\n<p>Wilaya Municipales                R\u00e9gionales<\/p>\n<p>Hodh Charghi : 196                     14<\/p>\n<p>Hodh el Gharbi : 110                   11<\/p>\n<p>Assaba : 112                            09<\/p>\n<p>Gorgol : 179                            14<\/p>\n<p>Brakna : 114                             11<\/p>\n<p>Trarza : 116                             09<\/p>\n<p>Adrar : 62                                09<\/p>\n<p>Dakhlet-Nouadhibou : 62                   17<\/p>\n<p>Tagant : 44                               06<\/p>\n<p>Guidimakha      : 113                     08<\/p>\n<p>Tiris-Zemmour : 18                        08<\/p>\n<p>Inchiri: 21                               09<\/p>\n<p>Nouakchott          20<\/p>\n<p>Nouakchott-Ouest     : 60<\/p>\n<p>Nouakchott-Nord    : 68<\/p>\n<p>Nouakchott-Sud  : 66<\/p>\n<p>Ami<\/p>\n","protected":false},"excerpt":{"rendered":"<p>La Commission Electorale Nationale Ind\u00e9pendante(CENI) a annonc\u00e9, vendredi, l\u2019ach\u00e8vement de la r\u00e9ception des dossiers de candidature pour les \u00e9lections r\u00e9gionales et municipales, jeudi soir, sur l\u2019ensemble du territoire national dans une atmosph\u00e8re de discipline et de transparence. La CENI a pr\u00e9cis\u00e9, dans un communiqu\u00e9 de presse parvenu \u00e0 l\u2019AMI, que le nombre de partis politiques &hellip;<\/p>\n","protected":false},"author":2,"featured_media":4896,"comment_status":"open","ping_status":"open","sticky":false,"template":"","format":"standard","meta":{"footnotes":""},"categories":[18],"tags":[],"class_list":["post-4895","post","type-post","status-publish","format-standard","has-post-thumbnail","hentry","category-actualites"],"_links":{"self":[{"href":"https:\/\/ladepeche.mr\/index.php?rest_route=\/wp\/v2\/posts\/4895","targetHints":{"allow":["GET"]}}],"collection":[{"href":"https:\/\/ladepeche.mr\/index.php?rest_route=\/wp\/v2\/posts"}],"about":[{"href":"https:\/\/ladepeche.mr\/index.php?rest_route=\/wp\/v2\/types\/post"}],"author":[{"embeddable":true,"href":"https:\/\/ladepeche.mr\/index.php?rest_route=\/wp\/v2\/users\/2"}],"replies":[{"embeddable":true,"href":"https:\/\/ladepeche.mr\/index.php?rest_route=%2Fwp%2Fv2%2Fcomments&post=4895"}],"version-history":[{"count":3,"href":"https:\/\/ladepeche.mr\/index.php?rest_route=\/wp\/v2\/posts\/4895\/revisions"}],"predecessor-version":[{"id":4899,"href":"https:\/\/ladepeche.mr\/index.php?rest_route=\/wp\/v2\/posts\/4895\/revisions\/4899"}],"wp:featuredmedia":[{"embeddable":true,"href":"https:\/\/ladepeche.mr\/index.php?rest_route=\/wp\/v2\/media\/4896"}],"wp:attachment":[{"href":"https:\/\/ladepeche.mr\/index.php?rest_route=%2Fwp%2Fv2%2Fmedia&parent=4895"}],"wp:term":[{"taxonomy":"category","embeddable":true,"href":"https:\/\/ladepeche.mr\/index.php?rest_route=%2Fwp%2Fv2%2Fcategories&post=4895"},{"taxonomy":"post_tag","embeddable":true,"href":"https:\/\/ladepeche.mr\/index.php?rest_route=%2Fwp%2Fv2%2Ftags&post=4895"}],"curies":[{"name":"wp","href":"https:\/\/api.w.org\/{rel}","templated":true}]}}