{"id":4900,"date":"2023-03-25T00:53:00","date_gmt":"2023-03-25T00:53:00","guid":{"rendered":"https:\/\/ladepeche.mr\/?p=4900"},"modified":"2023-03-25T00:56:21","modified_gmt":"2023-03-25T00:56:21","slug":"journee-de-la-francophonie-grand-merci-a-la-france-par-mohamed-yeslem-yarba-beihatt","status":"publish","type":"post","link":"https:\/\/ladepeche.mr\/?p=4900","title":{"rendered":"Journ\u00e9e de la francophonie : Grand Merci \u00e0 la France ! Par Mohamed Yeslem Yarba BEIHATT"},"content":{"rendered":"<p>Oui, en tant que citoyen mauritanien, fier de ma langue arabe, langue officielle de mon pays, je me dois en cette journ\u00e9e du 20 mars, qui correspond chaque ann\u00e9e \u00e0 la lugubre et grotesque habitude de c\u00e9l\u00e9brer la francophonie dans mon pays, je me dois disais-je, de remercier la France, grande nation europ\u00e9enne, digne de respect, d\u2019admiration, et d\u2019estime ! Oui, mais pourquoi, me diriez-vous ? Alors lisez bien ce qui suit, et vous verrez bien pourquoi.<br \/>\nTout d\u2019abord, la France, grande nation europ\u00e9enne, digne de respect, d\u2019admiration, et d\u2019estime, est le pays \u00e0 la langue la plus r\u00e9gent\u00e9e au monde, et est, en tant que tel, un pays qui se respecte ; et se comporte, civilisationnellement, de la mani\u00e8re la plus correcte. La France a tr\u00e8s vite sentie que la langue fran\u00e7aise, c\u2019est ce que les Fran\u00e7ais ont de plus pr\u00e9cieux.<br \/>\nElle l\u2019a su depuis plus de quatre si\u00e8cles. En effet, \u00ab  l&#8217;Acad\u00e9mie fran\u00e7aise, fond\u00e9e en 1634 et officialis\u00e9e en 1635 par le cardinal de Richelieu, est une institution fran\u00e7aise dont la mission est de \u00ab contribuer \u00e0 titre non lucratif au perfectionnement et au rayonnement des lettres \u00bb et la fonction de tenir \u00e0 jour un dictionnaire de r\u00e9f\u00e9rence du fran\u00e7ais, et d&#8217;approuver la publication au Journal officiel d&#8217;\u00e9quivalents francophones de termes techniques \u00e9trangers dans la langue fran\u00e7aise \u00bb.<br \/>\nDonc, tr\u00e8s bonne le\u00e7on \u00e0 suivre, pour nous autres mauritaniens pour que nous nous rendions compte, tous, at sans exception ; Wolof, Sonink\u00e9 et Pular, avant les Maures, que l\u2019arabe, langue miracle, celle de tous les mauritaniens, celle de notre Sainte Religion commune, est ce que nous avons de plus pr\u00e9cieux. \u00c0 nous de la r\u00e9genter, de voter toutes les lois qui sont de nature \u00e0 la pr\u00e9server, la tenir vivante, et la faire \u00e9voluer. \u00c0 nous de cr\u00e9er une Acad\u00e9mie de la langue arabe en Mauritanie, et \u2018\u2019d&#8217;approuver la publication au Journal officiel d&#8217;\u00e9quivalents arabophones de termes techniques \u00e9trangers dans la langue arabe\u2019\u2019.<br \/>\nDeuxi\u00e8mement, la France grande nation europ\u00e9enne, digne de respect, d\u2019admiration, et d\u2019estime, a tr\u00e8s t\u00f4t senti le danger de l\u2019h\u00e9g\u00e9monie de l\u2019Anglais. Et dans un tr\u00e8s joli morceau de po\u00e9sie, son po\u00e8te VIENNET, dans une \u00c9p\u00eetre \u00e0 Boileau, de 1853, disait d\u00e9j\u00e0 :<br \/>\n\t\t\tOn entend que des mots \u00e0 d\u00e9chirer le fer,<br \/>\n\t\t\tLe railway, le tunnel, le ballast, le tender,<br \/>\n\t\t\tExpress, trucks, wagons ; une bouche fran\u00e7aise<br \/>\n\t\t\tSemble broyer du verre, ou m\u00e2cher de la braise\u2026<br \/>\n\t\t\tCertes de nos voisins l\u2019alliance m\u2019enchante,<br \/>\n\t\t\tMais leur langue \u00e0 vrai dire est trop envahissante.<br \/>\n\t\t\tFaut-il pour cimenter un merveilleux accord<br \/>\n\t\t\tChanger l\u2019ar\u00e8ne en turf et le plaisir en sport\t,<br \/>\n\t\t\tDemander \u00e0 des clubs l\u2019aimable causerie,<br \/>\n\t\t\tFl\u00e9trir du nom de grooms nos valets d\u2019\u00e9curie,<br \/>\n\t\t\tTraiter nos cavaliers de gentlemen-riders ?&#8230;<br \/>\n \t\t\tJe maudis ces auteurs dont le vocabulaire<br \/>\n\t\t\tNous encombre de mots dont nous n\u2019avons que faire.<br \/>\nQuel joli po\u00e8me. Pas besoin d\u2019ajouter une virgule ! C\u2019est mon sentiment le plus profond et le plus sinc\u00e8re, vis-\u00e0-vis de ma langue arabe, surtout lorsque ce po\u00e8te vous dit :<br \/>\n\t\t\tCertes de nos voisins l\u2019alliance m\u2019enchante,<br \/>\n\t\t\tMais leur langue \u00e0 vrai dire est trop envahissante.<br \/>\nC\u2019est comme s\u2019il le disait \u00e0 la place de chaque mauritanien : certes avec la France, l\u2019alliance, l\u2019amiti\u00e9, la fraternit\u00e9, la coop\u00e9ration, les \u00e9changes, le commerce, l\u2019assistance technique, les relations privil\u00e9gi\u00e9es, les relations intimes, l\u2019amour m\u00eame ; tout cela nous enchante, mais la langue fran\u00e7aise est trop envahissante !!!!<br \/>\nTroisi\u00e8mement, et \u00e7a sera le dernier aspect que j\u2019\u00e9voquerai, mais de loin le plus important. \u00c0 savoir, que la France s\u2019est dot\u00e9e depuis 1994 d\u2019une loi, devenue c\u00e9l\u00e8bre, connue sous le nom de la LOI TOUBON. Cette loi est d\u2019une teneur, d\u2019une vigueur, d\u2019une importance, d\u2019une acuit\u00e9, d\u2019une lucidit\u00e9 civilisationnelle, et d\u2019une importance si capitale, qu\u2019elle doit inspirer toutes les Nations du monde entier. Chaque pays ind\u00e9pendant, libre et souverain doit avoir un droit absolu, de voter sur son sol et pour son peuple, une LOI TOUBON pour sa propre langue. Vous ne pouvez pas imaginer l\u2019importance de cette loi, comme source d\u2019inspiration, pour notre pays, la Mauritanie, qui m\u00e8ne une vraie guerre d\u2019existence, depuis son ind\u00e9pendance, pour imposer notre langue, l\u2019arabe.<br \/>\n\u00ab Pr\u00e9par\u00e9e par Catherine Tasca, la loi du 4 ao\u00fbt 1994 sur l&#8217;emploi de la langue fran\u00e7aise, dite commun\u00e9ment \u00ab Loi Toubon \u00bb ; est une puissante arme juridique.<br \/>\nEt qu\u2019est-ce qu\u2019elle dit, cette LOI TOUBON ?<br \/>\nIl n\u2019y a pas mieux plac\u00e9 pour r\u00e9pondre \u00e0 cette question, que Jacques Toubon, lui-m\u00eame, ancien ministre de la Culture et de la Francophonie, lorsqu\u2019il dit :<br \/>\n\u00ab Cette loi, qui suscita de l&#8217;incompr\u00e9hension, voire de la raillerie, parmi les relais d&#8217;opinion, est aujourd&#8217;hui massivement approuv\u00e9e par nos concitoyens. De quoi s&#8217;agit-il, en effet ? Non pas d&#8217;une loi sur le bien-parler ou le bien-\u00e9crire, comme certains ont feint de le croire, mais bien d&#8217;une loi qui pr\u00e9voit l&#8217;emploi du fran\u00e7ais dans les diff\u00e9rentes circonstances de la vie sociale telles que le travail, la consommation, la publicit\u00e9, les m\u00e9dias, les services publics, l&#8217;enseignement et la recherche. Par exemple, elle fait obligation \u00e0 tout employeur install\u00e9 sur le territoire fran\u00e7ais, f\u00fbt-il une multinationale de Chicago, de conclure un contrat de travail en fran\u00e7ais ou de le traduire. Autre exemple : elle oblige le fabricant d&#8217;un m\u00e9dicament ou d&#8217;un appareil \u00e9lectrique \u00e0 traduire le mode d&#8217;emploi&#8230; De fait, il existait bel et bien un vide juridique dans ce domaine. Aujourd&#8217;hui, on enregistre de bons r\u00e9sultats dans les domaines de la consommation, du travail, de l&#8217;enseignement et la recherche, mais d&#8217;autres secteurs sont \u00e0 la tra\u00eene : la publicit\u00e9, les m\u00e9dias et, malheureusement, les services publics. Un colloque sur la langue fran\u00e7aise, organis\u00e9 au printemps 2014 par le Conseil sup\u00e9rieur de l&#8217;audiovisuel, faisait \u00e9tat de cette situation, et de la n\u00e9cessit\u00e9 de rappeler \u00e0 leurs devoirs la SNCF, Air France, la Poste ou encore EDF.<br \/>\nComment la loi du 4 ao\u00fbt va-t-elle relever les grands d\u00e9fis du XXIe si\u00e8cle : l&#8217;affirmation des identit\u00e9s locales, l&#8217;internationalisation croissante des \u00e9changes, l&#8217;instantan\u00e9it\u00e9 de l&#8217;information&#8230; ? Elle trouvera \u2013 je le sais \u2013 les r\u00e9ponses adapt\u00e9es, tout comme elle a trouv\u00e9 \u00e0 s&#8217;int\u00e9grer, voici vingt ans, au contexte exigeant qu&#8217;\u00e9tait l&#8217;exception culturelle. Ce dossier, le premier dont j&#8217;ai eu \u00e0 m&#8217;occuper quand j&#8217;\u00e9tais ministre de la Culture et de la Francophonie, a servi de levier pour conduire le chantier de la diversit\u00e9 culturelle et linguistique. Il y avait une v\u00e9ritable logique entre les deux processus. Aujourd&#8217;hui, en tant que D\u00e9fenseur des droits, je souhaite que rayonne l&#8217;id\u00e9e que le droit au fran\u00e7ais est un droit fondamental, constitutionnel. \u00ab La langue de la R\u00e9publique est le fran\u00e7ais \u00bb, dit l&#8217;article 2 de notre Constitution. Du respect de ce droit d\u00e9pend la coh\u00e9sion sociale dans notre pays. Ce qui n&#8217;emp\u00eache pas notre langue de rester une langue ouverte \u00bb. Sic.<br \/>\nQu\u2019il me soit permis, \u00e0 mon tour, de rappeler aux fervents tenants \u00e0 la semaine de la langue fran\u00e7aise en Mauritanie, et aux francophones z\u00e9l\u00e9s, que la Mauritanie, a comme langue officielle, la langue arabe et non pas le fran\u00e7ais. Sempiternel rappel, trivial pourtant, et lassant \u00e0 reprendre, mais n\u00e9cessit\u00e9 oblige! Parce que, comme nous le savons tous, le droit tout \u00e0 fait naturel de la langue arabe, dans son fief le plus \u2018\u2019nec et ultra arabophone\u2019\u2019, qu\u2019est \u2018\u2019Bilad Chinguitt\u2019\u2019, d\u2019\u00eatre la langue dominante, n\u2019a, h\u00e9las, jamais pu voir le jour, pour deux raisons majeures :<br \/>\n1-La faiblesse de l\u2019Administration de l\u2019Etat mauritanien naissant, qui, jusqu\u2019aujourd\u2019hui m\u00eame, tol\u00e8re, sinon encourage, l\u2019utilisation de la langue fran\u00e7aise dans la l\u00e9gislation, les \u00e9changes, le travail administratif, et les d\u00e9cisions officielles de l\u2019Etat Mauritanien.<br \/>\n2-L\u2019encouragment, la pression, le \u2018\u2019lobbysme\u2019\u2019, et toutes sortes d\u2019actions \u2018\u2019complotistes\u2019\u2019, sournoisement ou m\u00eame express\u00e9ment men\u00e9es, de la part des forces de la francophonie, et \u00e0 leur t\u00eate l\u2019Etat Fran\u00e7ais, via sa mission diplomatique \u2018\u2019massive\u2019\u2019 \u00e0 Nouakchott ; qui ont \u0153uvr\u00e9 et \u0153uvrent inlassablement encore, pour encourager et maintenir l\u2019utilisation de la langue fran\u00e7aise \u00e0 tous les niveaux, et dans tous les rouages de l\u2019Etat, dans le but de perp\u00e9tuer son utilisation exclusive par l\u2019appareil \u00e9tatique mauritanien tout entier.<br \/>\nCet \u00e9tat de fait ind\u00e9niable, a rendu, et de go, la langue fran\u00e7aise, comme \u2018\u2019langue colonisatrice\u2019\u2019, \u00e9tant trop envahissante ; d\u2019une langue \u00e9trang\u00e8re, \u00e0 pr\u00e9sence \u2018\u2019admissible\u2019\u2019 ou \u2018\u2019tol\u00e9rable\u2019\u2019, voire m\u00eame \u2018\u2019langue d\u2019ouverture\u2019\u2019, \u00e0 une langue \u2018\u2019dominante\u2019\u2019, tr\u00e8s conflictuelle, sinon belliqueuse ; donc franchement insupportable aux yeux de tous les tenants \u00e0 l\u2019affirmation de la souverainet\u00e9 nationale ; c\u2019est-\u00e0-dire les tenants \u00e0 la langue arabe, comme seule langue officiellement l\u00e9gitime, de l\u2019Etat mauritanien, d\u00e9fenseurs de l\u2019arabisation totale de l\u2019Administration, et de tout ce qui est officiel, dans notre pays.<br \/>\nDonc, depuis la naissance de l\u2019Etat mauritanien, la pr\u00e9sence de la langue fran\u00e7aise, \u00e9tait d\u2019une h\u00e9g\u00e9monie totale, si marqu\u00e9e, si ostentatoire, si exclusive et si envahissante, qu\u2019elle a fini par constituer le vrai \u2018\u2019probl\u00e8me\u2019\u2019 de la Mauritanie naissante. Le n\u0153ud gordien de tous nos probl\u00e8mes. Aussi bien dans notre unit\u00e9 nationale, dans notre progr\u00e8s, que dans notre d\u00e9veloppement futur, hautement handicap\u00e9 et hypoth\u00e9qu\u00e9, par la langue fran\u00e7aise.<br \/>\nEt au lieu de constituer, ce qu\u2019on va appeler plus tard, trop pernicieusement \u2018\u2019langue de travail\u2019\u2019, ou parfois \u2018\u2019langue d\u2019ouverture\u2019\u2019, la langue fran\u00e7aise en Mauritanie, s\u2019est transform\u00e9e en sujet et mati\u00e8re de d\u00e9bat tr\u00e8s passionn\u00e9, houleux, pas cordial du tout ; car souvent tr\u00e8s politis\u00e9, c\u2019est-\u00e0-dire min\u00e9 \u00e0 dessein par des protagonistes sur la sc\u00e8ne politique, exploitant chacun la probl\u00e9matique de la domination de la langue fran\u00e7aise, pour servir sa th\u00e8se, son id\u00e9ologie et ses orientations. Et par cons\u00e9quent, notre langue officielle, l\u2019arabe, s\u2019en est profond\u00e9ment ressentie, \u00e0 telle enseigne qu\u2019on est arriv\u00e9 au stade de la traiter de \u2018\u2019langue arri\u00e9r\u00e9e\u2019\u2019, de \u2018\u2019langue des sales arabisants\u2019\u2019, de \u2018\u2019langue des ignorants b\u00e9douins\u2019\u2019 ; et pour toutes les d\u00e9cennies de l\u2019apr\u00e8s ind\u00e9pendance, disons jusqu\u2019aux ann\u00e9es 90 du si\u00e8cle dernier, c\u2019est-\u00e0-dire, jusqu\u2019\u00e0 tout r\u00e9cemment, seule la langue fran\u00e7aise \u00e9tait consid\u00e9r\u00e9e comme celle de l\u2019\u00e9lite \u00e9clair\u00e9e, cultiv\u00e9e et moderne.<br \/>\nUne telle situation a rendu notre relation avec la langue fran\u00e7aise, on ne peut plus conflictuelle, surtout lorsqu\u2019on est arriv\u00e9 au stade o\u00f9 un mauritanien, \u00e0 dipl\u00f4me \u00e9gal et sp\u00e9cialit\u00e9 identique, se trouve priv\u00e9 de tout travail, ou de toute promotion, pour le seul p\u00e9ch\u00e9 \u2018\u2019grave\u2019\u2019 d\u2019avoir \u00e9t\u00e9 form\u00e9 en langue arabe. Mais, gr\u00e2ce \u00e0 la prise de conscience grandissante de la n\u00e9cessit\u00e9 et de l\u2019urgence de rem\u00e9dier \u00e0 une telle situation, de loin anormale et inadmissible, l\u2019Etat mauritanien commen\u00e7ait timidement, \u00e0 initier des tentatives \u2018\u2019d\u2019arabisation\u2019\u2019 de l\u2019Administration et \u2018\u2019d\u2019introduction\u2019\u2019 de la langue arabe dans l\u2019enseignement public, par le biais de \u2018\u2019r\u00e9formes\u2019\u2019 et de \u2018\u2019r\u00e9formes contraires\u2019\u2019, souvent si \u2018\u2019b\u00e2cl\u00e9es\u2019\u2019 et, malheureusement, si \u2018\u2019id\u00e9ologis\u00e9es\u2019\u2019, qu\u2019elles ne pouvaient pas permettre de nous faire acc\u00e9der au statut d\u2019Etat ind\u00e9pendant et souverain, dont l\u2019Administration et l\u2019enseignement se font de la mani\u00e8re la plus normale au monde, par le medium naturel, de sa langue officielle, \u00e0 savoir la langue arabe. Langue qui, faut-il encore le rappeler, est, ou bien celle maternelle  de la majorit\u00e9 du peuple mauritanien, ou bien celle du culte, et d\u2019\u00e9change culturel, pour le cas de la minorit\u00e9 n\u00e9gro-africaine. Aucune raison donc, pour l\u2019usage d\u2019une autre langue que la langue arabe, ou l\u2019acceptation de la domination ostentatoire, exclusiviste, oppressante et agressive de la langue fran\u00e7aise. Et si jamais nous nous sentions appel\u00e9s \u00e0 un examen approfondi de cette situation, sachons que notre pays, a beaucoup perdu, en terme de temps et de moyens, \u00e0 cause de la \u2018\u2019pr\u00e9dominance\u2019\u2019 offensante, la \u2018\u2019supr\u00e9matie\u2019\u2019 fallacieuse, et la \u2018\u2019priorit\u00e9\u2019\u2019 b\u00e9b\u00eate, accord\u00e9es \u00e0 la langue fran\u00e7aise dans notre pays.<br \/>\nIl est grand temps donc de se d\u00e9marquer compl\u00e8tement de cette langue \u2018\u2019colonisatrice\u2019\u2019, \u2018\u2019envahissante\u2019\u2019, \u2018\u2019h\u00e9g\u00e9monique\u2019\u2019 et \u2018\u2019agressive\u2019\u2019, qui nous a tant co\u00fbt\u00e9, en termes de perte de temps en gu\u00e9guerres, en termes de dispersion de nos efforts, en termes d\u2019atteinte \u00e0 notre unit\u00e9 nationale, et surtout d\u2019obstacle \u00e0 l\u2019appropriation du vrai medium, moyen, support et v\u00e9hicule des connaissances modernes, qu\u2019est la langue anglaise. Dans ce sens, et sur cet axe d\u2019analyse, j\u2019attire l\u2019attention de mes concitoyens, tous, et sans exception, que si langue d\u2019ouverture, ou langue de travail, on devrait avoir, elle ne peut et ne doit \u00eatre que l\u2019anglais. Et je leur fait remarquer aussi, que l\u2019appropriation et la ma\u00eetrise de la langue anglaise par notre jeunesse, est devenu de nos jours, un enjeu strat\u00e9gique, du plus haut niveau degr\u00e9 pour notre pays. Et que ce n\u2019est pas seulement un choix, parmi d\u2019autres, qu\u2019on peut se faire, comme veulent nous le faire accroire les francophones, en pr\u00f4nant ce qu\u2019ils appellent \u2018\u2019le multilinguisme\u2019\u2019 ; mais qu\u2019il s\u2019agit bien, pour ce qui est de l\u2019anglais, d\u2019une \u2018\u2019n\u00e9cessit\u00e9\u2019\u2019 strat\u00e9gique, dict\u00e9e par la place qu\u2019occupe la langue anglaise dans l\u2019acquisition des connaissances modernes, et la ma\u00eetrise des nouvelles technologie. D\u2019ailleurs, l\u2019arme du \u2018\u2019multilinguisme\u2019\u2019 et de \u2018\u2019l\u2019ouverture sur toutes les cultures\u2019\u2019 que brandissent malicieusement les francophones, n\u2019est qu\u2019un rempart derri\u00e8re lequel ils se cachent, pour \u00e9terniser la pr\u00e9sence, et la domination du fran\u00e7ais dans notre pays. Mais cela ne marche plus, et tout le monde a pris conscience aujourd\u2019hui, que pour la Mauritanie, comme d\u2019ailleurs pour tous les pays en voie de d\u00e9veloppement, la langue anglaise s\u2019impose comme choix strat\u00e9gique, conditionnant tout progr\u00e8s, d\u00e9veloppement, et acc\u00e8s aux technologies modernes. J\u2019invite donc nos gouvernants \u00e0 y penser s\u00e9rieusement, et \u00e0 se rendre \u00e0 l\u2019\u00e9vidence que nous n\u2019avons plus de temps \u00e0 perdre, \u00e0 envoyer nos petits \u00e2nonner les \u2018\u2019ab\u00e9c\u00e9daires\u2019\u2019 de Mamadou et Bineta, et qu\u2019en place et lieu de cela, nous devons leur permettre, et le plus vite possible, d\u2019acc\u00e9der \u00e0 la langue anglaise qui, comme je le disais plus haut, est devenu une arme \u2018\u2019strat\u00e9gique\u2019\u2019 vitale pour les pays du monde entier ; dont l\u2019acquisition et la ma\u00eetrise conditionnent tout progr\u00e8s, ceci \u00e9tant actuellement reconnu, partout dans le monde. Pensons juste un instant, au Nig\u00e9ria, \u00e0 l\u2019Afrique du Sud, au Ruwanda, au Kenya, \u00e0 la Malaisie, \u00e0 l\u2019Indon\u00e9sie, au  Japon, \u00e0 la Chine, \u00e0 Taiwan, \u00e0 l\u2019Inde, au Br\u00e9sil, \u00e0 la Cor\u00e9e du Sud ; pays qui ont compris, tr\u00e8s t\u00f4t, l\u2019importance strat\u00e9gique de la langue anglaise, et dont l\u2019appropriation et la maitrise par leur jeunesse de cette langue, a \u00e9t\u00e9 on ne peut plus payante et b\u00e9n\u00e9fique, leur permettant de r\u00e9aliser les progr\u00e8s souhait\u00e9s, sur tous les plans, et en temps record. Et nous, mauritaniens, qu\u2019attend-on pour cela, qu\u2019est-ce qui nous en prive, et qu\u2019est-ce qui peut bien nous en emp\u00eacher ? Il revient \u00e0 la jeunesse mauritanienne consciente, de r\u00e9pondre.<br \/>\nComme il revient \u00e0 la jeunesse mauritanienne, aussi et avant tout, d\u2019exiger une LOI TOUBON, pour la langue arabe en Mauritanie, (langue f\u00e9d\u00e9ratrice de tous les mauritaniens, pour la majorit\u00e9, par naissance, et pour les autres, par confession) ; et de chasser le fran\u00e7ais du Parlement, de l\u2019Administration territoriale, des Minist\u00e8res, de l\u2019Arm\u00e9e et d\u2019exiger \u00e0 tout officiel, qui parle au nom de l\u2019Etat mauritanien, de le faire uniquement en arabe.<br \/>\nComme il revient \u00e0 la jeunesse s\u00e9n\u00e9galaise d\u2019exiger une loi Toubon, pour le Wolof au S\u00e9n\u00e9gal, (le Wolof, la langue la plus r\u00e9pandue au S\u00e9n\u00e9gal, est parl\u00e9e par 80 % des S\u00e9n\u00e9galais) ; et de chasser le fran\u00e7ais du Parlement, de l\u2019Administration territoriale, des Minist\u00e8res, de l\u2019Arm\u00e9e ; et d\u2019exiger \u00e0 tout officiel qui parle au nom de l\u2019Etat s\u00e9n\u00e9galais, de le faire uniquement en Wolof.<br \/>\nComme il revient \u00e0 la jeunesse malienne d\u2019exiger une loi Toubon, pour le Bambara au Mali, (le bambara est parl\u00e9 par plus de trois quarts des maliens) ; et de chasser le fran\u00e7ais du Parlement, de l\u2019Administration territoriale, des Minist\u00e8res, de l\u2019Arm\u00e9e et d\u2019exiger \u00e0 tout officiel qui parle au nom de l\u2019Etat malien, de le faire uniquement en Bambara.<br \/>\nComme il revient \u00e0 la jeunesse ivoirienne d\u2019exiger une loi Toubon, pour le Malink\u00e9, commun\u00e9ment appel\u00e9 Dioula, en C\u00f4te d\u2019Ivoire, (le Malink\u00e9 est majoritairement parl\u00e9 par les Ivoiriens) ; et de chasser le fran\u00e7ais du Parlement, de l\u2019Administration territoriale, des Minist\u00e8res, de l\u2019Arm\u00e9e ; et d\u2019exiger \u00e0 tout officiel qui parle au nom de l\u2019Etat Ivoirien, de le faire uniquement en Malink\u00e9.<br \/>\nVivement donc une LOI TOUBON \u00e0 la mauritanienne, \u00e0 la s\u00e9n\u00e9galaise, \u00e0 la malienne, \u00e0 la nig\u00e9rienne, et \u00e0 l\u2019ivoirienne et merci bien la France !!!<br \/>\nMohamed Yeslem Yarba BEIHATT<br \/>\nNouakchott le,  20\/03\/2023.<br \/>\nBeihatt@gmail.com<\/p>\n","protected":false},"excerpt":{"rendered":"<p>Oui, en tant que citoyen mauritanien, fier de ma langue arabe, langue officielle de mon pays, je me dois en cette journ\u00e9e du 20 mars, qui correspond chaque ann\u00e9e \u00e0 la lugubre et grotesque habitude de c\u00e9l\u00e9brer la francophonie dans mon pays, je me dois disais-je, de remercier la France, grande nation europ\u00e9enne, digne de &hellip;<\/p>\n","protected":false},"author":2,"featured_media":4903,"comment_status":"open","ping_status":"open","sticky":false,"template":"","format":"standard","meta":{"footnotes":""},"categories":[18,19],"tags":[],"class_list":["post-4900","post","type-post","status-publish","format-standard","has-post-thumbnail","hentry","category-actualites","category-tribune"],"_links":{"self":[{"href":"https:\/\/ladepeche.mr\/index.php?rest_route=\/wp\/v2\/posts\/4900","targetHints":{"allow":["GET"]}}],"collection":[{"href":"https:\/\/ladepeche.mr\/index.php?rest_route=\/wp\/v2\/posts"}],"about":[{"href":"https:\/\/ladepeche.mr\/index.php?rest_route=\/wp\/v2\/types\/post"}],"author":[{"embeddable":true,"href":"https:\/\/ladepeche.mr\/index.php?rest_route=\/wp\/v2\/users\/2"}],"replies":[{"embeddable":true,"href":"https:\/\/ladepeche.mr\/index.php?rest_route=%2Fwp%2Fv2%2Fcomments&post=4900"}],"version-history":[{"count":1,"href":"https:\/\/ladepeche.mr\/index.php?rest_route=\/wp\/v2\/posts\/4900\/revisions"}],"predecessor-version":[{"id":4902,"href":"https:\/\/ladepeche.mr\/index.php?rest_route=\/wp\/v2\/posts\/4900\/revisions\/4902"}],"wp:featuredmedia":[{"embeddable":true,"href":"https:\/\/ladepeche.mr\/index.php?rest_route=\/wp\/v2\/media\/4903"}],"wp:attachment":[{"href":"https:\/\/ladepeche.mr\/index.php?rest_route=%2Fwp%2Fv2%2Fmedia&parent=4900"}],"wp:term":[{"taxonomy":"category","embeddable":true,"href":"https:\/\/ladepeche.mr\/index.php?rest_route=%2Fwp%2Fv2%2Fcategories&post=4900"},{"taxonomy":"post_tag","embeddable":true,"href":"https:\/\/ladepeche.mr\/index.php?rest_route=%2Fwp%2Fv2%2Ftags&post=4900"}],"curies":[{"name":"wp","href":"https:\/\/api.w.org\/{rel}","templated":true}]}}