{"id":4904,"date":"2023-03-26T23:25:36","date_gmt":"2023-03-26T23:25:36","guid":{"rendered":"https:\/\/ladepeche.mr\/?p=4904"},"modified":"2023-03-26T23:25:36","modified_gmt":"2023-03-26T23:25:36","slug":"mauritanie-arrestation-du-cerveau-de-levasion-de-prison-des-quatre-terroristes","status":"publish","type":"post","link":"https:\/\/ladepeche.mr\/?p=4904","title":{"rendered":"Mauritanie : arrestation du cerveau de l\u2019\u00e9vasion de prison des quatre terroristes"},"content":{"rendered":"<p>Les autorit\u00e9s polici\u00e8res mauritaniennes ont annonc\u00e9 dimanche 26 mars l\u2019arrestation du cerveau de l\u2019\u00e9vasion des quatre terroristes le 5 mars dernier de la prison centrale de Nouakchott. La personne a \u00e9t\u00e9 arr\u00eat\u00e9e, \u00e0 Riyad, \u00e0 Nouakchott, \u00e0 l\u2019aube, \u00e0 la suite d\u2019une perquisition.<\/p>\n<p>Les quatre terroristes, tous membres d\u2019al-Qa\u00efda au Maghreb islamique (Aqmi), s\u2019\u00e9taient \u00e9vad\u00e9s de la grande prison civile de Nouakchott le 5 mars 2023, apr\u00e8s avoir tu\u00e9 deux gardes et bless\u00e9 deux autres.<\/p>\n<p>Parmi les \u00e9vad\u00e9s, deux ont \u00e9t\u00e9 identifi\u00e9s pour avoir particip\u00e9 \u00e0 une s\u00e9rie d\u2019attaques terroristes, dont celle de 2008 qui a co\u00fbt\u00e9 la vie \u00e0 une douzaine de soldats.<\/p>\n<p>Elle s\u2019\u00e9tait produite \u00e0 Tourine dans le Nord de la Mauritanie, non loin de la cit\u00e9 mini\u00e8re de Zouerate.<\/p>\n<p>Apr\u00e8s leur \u00e9vasion de prison, une v\u00e9ritable chasse \u00e0 l\u2019homme a \u00e9t\u00e9 lanc\u00e9e en Mauritanie pour retrouver les quatre terroristes. <\/p>\n<p>Samedi 11 mars, trois des quatre terroristes \u00e9vad\u00e9s de prison seront tu\u00e9s lors de leur capture, dans la wilaya de l\u2019Adrar (Nord). <\/p>\n<p>Un gendarme sera tu\u00e9 dans l&#8217;op\u00e9ration men\u00e9e par une \u00e9lite de la gendarmerie nationale.<\/p>\n<p>Par La r\u00e9daction de Cridem<\/p>\n<p>&#8212;<\/p>\n","protected":false},"excerpt":{"rendered":"<p>Les autorit\u00e9s polici\u00e8res mauritaniennes ont annonc\u00e9 dimanche 26 mars l\u2019arrestation du cerveau de l\u2019\u00e9vasion des quatre terroristes le 5 mars dernier de la prison centrale de Nouakchott. La personne a \u00e9t\u00e9 arr\u00eat\u00e9e, \u00e0 Riyad, \u00e0 Nouakchott, \u00e0 l\u2019aube, \u00e0 la suite d\u2019une perquisition. Les quatre terroristes, tous membres d\u2019al-Qa\u00efda au Maghreb islamique (Aqmi), s\u2019\u00e9taient \u00e9vad\u00e9s &hellip;<\/p>\n","protected":false},"author":2,"featured_media":4905,"comment_status":"open","ping_status":"open","sticky":false,"template":"","format":"standard","meta":{"footnotes":""},"categories":[18,29],"tags":[],"class_list":["post-4904","post","type-post","status-publish","format-standard","has-post-thumbnail","hentry","category-actualites","category-monde"],"_links":{"self":[{"href":"https:\/\/ladepeche.mr\/index.php?rest_route=\/wp\/v2\/posts\/4904","targetHints":{"allow":["GET"]}}],"collection":[{"href":"https:\/\/ladepeche.mr\/index.php?rest_route=\/wp\/v2\/posts"}],"about":[{"href":"https:\/\/ladepeche.mr\/index.php?rest_route=\/wp\/v2\/types\/post"}],"author":[{"embeddable":true,"href":"https:\/\/ladepeche.mr\/index.php?rest_route=\/wp\/v2\/users\/2"}],"replies":[{"embeddable":true,"href":"https:\/\/ladepeche.mr\/index.php?rest_route=%2Fwp%2Fv2%2Fcomments&post=4904"}],"version-history":[{"count":1,"href":"https:\/\/ladepeche.mr\/index.php?rest_route=\/wp\/v2\/posts\/4904\/revisions"}],"predecessor-version":[{"id":4906,"href":"https:\/\/ladepeche.mr\/index.php?rest_route=\/wp\/v2\/posts\/4904\/revisions\/4906"}],"wp:featuredmedia":[{"embeddable":true,"href":"https:\/\/ladepeche.mr\/index.php?rest_route=\/wp\/v2\/media\/4905"}],"wp:attachment":[{"href":"https:\/\/ladepeche.mr\/index.php?rest_route=%2Fwp%2Fv2%2Fmedia&parent=4904"}],"wp:term":[{"taxonomy":"category","embeddable":true,"href":"https:\/\/ladepeche.mr\/index.php?rest_route=%2Fwp%2Fv2%2Fcategories&post=4904"},{"taxonomy":"post_tag","embeddable":true,"href":"https:\/\/ladepeche.mr\/index.php?rest_route=%2Fwp%2Fv2%2Ftags&post=4904"}],"curies":[{"name":"wp","href":"https:\/\/api.w.org\/{rel}","templated":true}]}}