{"id":4911,"date":"2023-03-27T12:42:27","date_gmt":"2023-03-27T12:42:27","guid":{"rendered":"https:\/\/ladepeche.mr\/?p=4911"},"modified":"2023-03-27T12:43:05","modified_gmt":"2023-03-27T12:43:05","slug":"burkina-faso-acquisition-de-materiels-militaires-de-plus-de-250-milliards-fcfa","status":"publish","type":"post","link":"https:\/\/ladepeche.mr\/?p=4911","title":{"rendered":"Burkina Faso : Acquisition de mat\u00e9riels militaires de plus de 250 milliards FCFA"},"content":{"rendered":"<p>Les autorit\u00e9s de transition au Burkina Faso ont proc\u00e9d\u00e9 \u00e0 l\u2019acquisition de mat\u00e9riels militaires de plus de 250 milliards FCFA pour faciliter les op\u00e9rations a\u00e9riennes de l\u2019arm\u00e9e dans la lutte contre les groupes terroristes qui op\u00e8rent dans ce pays ouest-africain.<\/p>\n<p>En Conseil des ministres du 1er mars 2023, le gouvernement burkinab\u00e9 a \u00abautoris\u00e9 la ratification d\u2019une garantie souveraine au profit de International Business Bank Burkina (IB Bank Burkina), pour un montant de 252 795 735 523 FCFA \u00bb.<br \/>\nLe ministre de l\u2019Economie et des Finances, Aboubacar Nacanabo, a expliqu\u00e9, dans un entretien paru mercredi 22 mars dans le quotidien d\u2019Etat \u00ab Sidwaya \u00bb, qu\u2019il s\u2019agit d\u2019une caution accord\u00e9e \u00e0 IB Bank Burkina pour \u00abfaciliter\u00bb et couvrir une op\u00e9ration d\u2019acquisition de mat\u00e9riel militaire de surveillance et de combat.<br \/>\nSelon M. Nacanabo, c\u2019est le fournisseur de mat\u00e9riel lui-m\u00eame qui a choisi la banque du richissime homme d\u2019affaires, Mahamadou Bonkoungou. Il ne s\u2019agit donc pas d\u2019une faveur faite \u00e0 IB Bank Burkina par le gouvernement, pr\u00e9cise-t-on.<br \/>\n\u00ab Si le fournisseur nous proposait une autre banque qui \u00e9tait dispos\u00e9e \u00e0 couvrir l\u2019op\u00e9ration, nous n\u2019aurions trouv\u00e9 aucune objection. Le plus important pour nous, c\u2019\u00e9tait d\u2019acqu\u00e9rir du mat\u00e9riel strat\u00e9gique pour faciliter les op\u00e9rations a\u00e9riennes de l\u2019arm\u00e9e\u00bb, insiste l\u2019argentier du pays des Hommes Int\u00e8gres.<\/p>\n<p>Le capitaine Ibrahim Traor\u00e9, Pr\u00e9sident de la Transition, a promis de doter les forces combattantes en mat\u00e9riels de guerre \u00abad\u00e9quats et cons\u00e9quents\u00bb.<br \/>\nUn officier de l\u2019arm\u00e9e Burkinab\u00e8 qui a requis l\u2019anonymat, a confirm\u00e9 l\u2019op\u00e9ration \u00e0 la MAP. Il a soutenu qu\u2019elle vise \u00ab\u00e0 doter les militaires de drones, d\u2019avions de guerre, d\u2019armes, de munitions, de v\u00e9hicules de transport de troupes et de combat\u00bb, sans toutefois pr\u00e9ciser le pays fournisseur.<br \/>\nL\u2019officier a ajout\u00e9 qu\u2019une partie du mat\u00e9riel militaire acquis gr\u00e2ce \u00e0 cette \u00abgarantie souveraine \u00bb a d\u00e9j\u00e0 \u00e9t\u00e9 livr\u00e9e \u00e0 Ouagadougou et a \u00e9t\u00e9 mise \u00e0 la disposition des soldats, engag\u00e9s dans la lutte contre les groupes terroristes.<br \/>\n\u00abSur certains fronts, ce mat\u00e9riel donne des r\u00e9sultats concrets. Il sert aux \u00e9l\u00e9ments sur le terrain\u00bb, a-t-il comment\u00e9.<br \/>\nPlusieurs observateurs ont \u00e0 plusieurs reprises alert\u00e9 sur l\u2019insuffisance d\u2019\u00e9quipements militaires ad\u00e9quats. En avril 2023, le commandant de l\u2019Unit\u00e9 sp\u00e9ciale d\u2019intervention, le chef d\u2019escadron Fran\u00e7ois Zoungrana, avait indiqu\u00e9 que toute la gendarmerie nationale ne disposait en tout et pour tout que de cinq v\u00e9hicules blind\u00e9s.<br \/>\nAu pouvoir depuis septembre 2022, le capitaine Ibrahim Traor\u00e9, Pr\u00e9sident de la Transition, a promis de changer la donne et de doter les forces combattantes en mat\u00e9riels de guerre \u00abad\u00e9quats et cons\u00e9quents\u00bb.<br \/>\n\u00ab Nous avons commenc\u00e9 une r\u00e9organisation logistique de notre arm\u00e9e. Le d\u00e9fi de l\u2019\u00e9quipement (\u2026) est en cours de r\u00e9solution. C\u2019est d\u00e9j\u00e0 fait pour beaucoup de zones et \u00e7a continue pour d\u2019autres zones\u00bb, avait inform\u00e9 le Pr\u00e9sident du Faso, au cours d\u2019une rencontre avec des \u00e9tudiants en mi-janvier 2023, \u00e0 Ouagadougou.<br \/>\nLe Burkina, premier pays en Afrique et deuxi\u00e8me au monde, le plus touch\u00e9 par le terrorisme en 2022<br \/>\nPour faire face aux terroristes qui occupent plus de 40% du pays, Ibrahim Traor\u00e9 a fait recruter plus 90.000 suppl\u00e9tifs civils, engag\u00e9s au front aux c\u00f4t\u00e9s de l\u2019arm\u00e9e. En novembre, il a lanc\u00e9 un Fonds de soutien patriotique d\u2019une valeur de 100 milliards de FCFA pour prendre en charge et armer les Volontaires pour la d\u00e9fense de la patrie (VDP).<br \/>\nEn d\u00e9cembre 2022, les autorit\u00e9s burkinab\u00e9 ont adress\u00e9 une demande de soutien \u00e0 plusieurs partenaires et chancelleries dont la France, la C\u00f4te d\u2019Ivoire, dans le cadre de la lutte contre le terrorisme.<br \/>\nCourant janvier 2023, Abidjan a offert \u00e0 Ouagadougou du mat\u00e9riel militaire compos\u00e9 de 50 v\u00e9hicules pickup, 100 fusils d\u2019assaut kalachnikov et 100 000 munitions, d\u2019une valeur estim\u00e9e \u00e0 2,3 milliards de FCFA, pour faire face aux groupes djihadistes.<br \/>\nLe Burkina est le premier pays en Afrique et le deuxi\u00e8me pays au monde, le plus touch\u00e9 par le terrorisme en 2022, a indiqu\u00e9 l\u2019Institut pour l\u2019\u00e9conomie et la paix (IEP), dans un rapport publi\u00e9 en fin de semaine de derni\u00e8re.<br \/>\nLe pays a enregistr\u00e9 310 incidents terroristes qui ont occasionn\u00e9 1 135 morts dont 642 civils et 496 bless\u00e9s. Les exactions des groupes arm\u00e9s terroristes ont entrain\u00e9 le d\u00e9placement de pr\u00e8s de deux millions de personnes, selon les donn\u00e9es officielles.<\/p>\n<blockquote class=\"wp-embedded-content\" data-secret=\"NKKvVma8x2\"><p><a href=\"https:\/\/afrimag.net\/burkina-faso-acquisition-de-materiels-militaires-de-plus-de-250-milliards-fcfa\/\">Burkina Faso : Acquisition de mat\u00e9riels militaires de plus de 250 milliards FCFA<\/a><\/p><\/blockquote>\n<p><iframe loading=\"lazy\" class=\"wp-embedded-content\" sandbox=\"allow-scripts\" security=\"restricted\" style=\"position: absolute; clip: rect(1px, 1px, 1px, 1px);\" title=\"\u00ab\u00a0Burkina Faso : Acquisition de mat\u00e9riels militaires de plus de 250 milliards FCFA\u00a0\u00bb &#8212; Afrimag\" src=\"https:\/\/afrimag.net\/burkina-faso-acquisition-de-materiels-militaires-de-plus-de-250-milliards-fcfa\/embed\/#?secret=kezhBYgAlU#?secret=NKKvVma8x2\" data-secret=\"NKKvVma8x2\" width=\"500\" height=\"282\" frameborder=\"0\" marginwidth=\"0\" marginheight=\"0\" scrolling=\"no\"><\/iframe><\/p>\n","protected":false},"excerpt":{"rendered":"<p>Les autorit\u00e9s de transition au Burkina Faso ont proc\u00e9d\u00e9 \u00e0 l\u2019acquisition de mat\u00e9riels militaires de plus de 250 milliards FCFA pour faciliter les op\u00e9rations a\u00e9riennes de l\u2019arm\u00e9e dans la lutte contre les groupes terroristes qui op\u00e8rent dans ce pays ouest-africain. En Conseil des ministres du 1er mars 2023, le gouvernement burkinab\u00e9 a \u00abautoris\u00e9 la ratification &hellip;<\/p>\n","protected":false},"author":2,"featured_media":4912,"comment_status":"open","ping_status":"open","sticky":false,"template":"","format":"standard","meta":{"footnotes":""},"categories":[18,28],"tags":[],"class_list":["post-4911","post","type-post","status-publish","format-standard","has-post-thumbnail","hentry","category-actualites","category-sahel"],"_links":{"self":[{"href":"https:\/\/ladepeche.mr\/index.php?rest_route=\/wp\/v2\/posts\/4911","targetHints":{"allow":["GET"]}}],"collection":[{"href":"https:\/\/ladepeche.mr\/index.php?rest_route=\/wp\/v2\/posts"}],"about":[{"href":"https:\/\/ladepeche.mr\/index.php?rest_route=\/wp\/v2\/types\/post"}],"author":[{"embeddable":true,"href":"https:\/\/ladepeche.mr\/index.php?rest_route=\/wp\/v2\/users\/2"}],"replies":[{"embeddable":true,"href":"https:\/\/ladepeche.mr\/index.php?rest_route=%2Fwp%2Fv2%2Fcomments&post=4911"}],"version-history":[{"count":2,"href":"https:\/\/ladepeche.mr\/index.php?rest_route=\/wp\/v2\/posts\/4911\/revisions"}],"predecessor-version":[{"id":4914,"href":"https:\/\/ladepeche.mr\/index.php?rest_route=\/wp\/v2\/posts\/4911\/revisions\/4914"}],"wp:featuredmedia":[{"embeddable":true,"href":"https:\/\/ladepeche.mr\/index.php?rest_route=\/wp\/v2\/media\/4912"}],"wp:attachment":[{"href":"https:\/\/ladepeche.mr\/index.php?rest_route=%2Fwp%2Fv2%2Fmedia&parent=4911"}],"wp:term":[{"taxonomy":"category","embeddable":true,"href":"https:\/\/ladepeche.mr\/index.php?rest_route=%2Fwp%2Fv2%2Fcategories&post=4911"},{"taxonomy":"post_tag","embeddable":true,"href":"https:\/\/ladepeche.mr\/index.php?rest_route=%2Fwp%2Fv2%2Ftags&post=4911"}],"curies":[{"name":"wp","href":"https:\/\/api.w.org\/{rel}","templated":true}]}}