{"id":4916,"date":"2023-03-27T13:11:49","date_gmt":"2023-03-27T13:11:49","guid":{"rendered":"https:\/\/ladepeche.mr\/?p=4916"},"modified":"2023-03-27T13:11:49","modified_gmt":"2023-03-27T13:11:49","slug":"societe-londff-salue-la-decision-des-autorites-de-renforcer-son-independance","status":"publish","type":"post","link":"https:\/\/ladepeche.mr\/?p=4916","title":{"rendered":"Soci\u00e9t\u00e9: L\u2019ONDFF salue la d\u00e9cision des autorit\u00e9s de renforcer son ind\u00e9pendance"},"content":{"rendered":"<p>L\u2019Observatoire national des droits des femmes et des filles a salu\u00e9 dimanche la d\u00e9cision du gouvernement de lui accorder plus d\u2019ind\u00e9pendance par rapport aux structures gouvernementales qui pourraient entraver sa bonne marche, a estim\u00e9 sa pr\u00e9sidente, Mahla Ahmed Talebna.<br \/>\nCr\u00e9\u00e9 en novembre 2020, l\u2019ONDFF, qui d\u00e9pendait du minist\u00e8re de l\u2019action sociale, de l\u2019Enfance et de la Famille, est d\u00e9sormais rattach\u00e9 \u00e0 la primature en vertu d\u2019un amendement du d\u00e9cret le cr\u00e9ant. Un ancrage qui devrait aider \u00e0 la fluidit\u00e9 des actions de l\u2019ONDFF pr\u00e9cise sa pr\u00e9sidente cit\u00e9e par nos confr\u00e8res de l\u2019AMI soulignant que les amendements apport\u00e9s au d\u00e9cret de cr\u00e9ation de l\u2019Observatoire mat\u00e9rialisent \u00abson ind\u00e9pendance et le qualifient pour \u00eatre une r\u00e9f\u00e9rence quant \u00e0 ses rapports avec le gouvernement et les institutions locales, r\u00e9gionales et internationales \u00bb.<br \/>\nMme Mehla Ahmed Talebna, ancienne ministre, choisie par le pr\u00e9sident Ghazouani en d\u00e9cembre 2021 pour pr\u00e9sider \u00e0 cet Observatoire, a enfin indiqu\u00e9 que cette nouvelle donne contribuera \u00e0 \u201cancrer et consolider les valeurs et principes d\u2019\u00e9galit\u00e9 des sexes, promouvoir la justice sociale et am\u00e9liorer l\u2019image de notre pays parmi les nations \u00bb.<\/p>\n","protected":false},"excerpt":{"rendered":"<p>L\u2019Observatoire national des droits des femmes et des filles a salu\u00e9 dimanche la d\u00e9cision du gouvernement de lui accorder plus d\u2019ind\u00e9pendance par rapport aux structures gouvernementales qui pourraient entraver sa bonne marche, a estim\u00e9 sa pr\u00e9sidente, Mahla Ahmed Talebna. Cr\u00e9\u00e9 en novembre 2020, l\u2019ONDFF, qui d\u00e9pendait du minist\u00e8re de l\u2019action sociale, de l\u2019Enfance et de &hellip;<\/p>\n","protected":false},"author":2,"featured_media":4917,"comment_status":"open","ping_status":"open","sticky":false,"template":"","format":"standard","meta":{"footnotes":""},"categories":[18,15],"tags":[],"class_list":["post-4916","post","type-post","status-publish","format-standard","has-post-thumbnail","hentry","category-actualites","category-culture"],"_links":{"self":[{"href":"https:\/\/ladepeche.mr\/index.php?rest_route=\/wp\/v2\/posts\/4916","targetHints":{"allow":["GET"]}}],"collection":[{"href":"https:\/\/ladepeche.mr\/index.php?rest_route=\/wp\/v2\/posts"}],"about":[{"href":"https:\/\/ladepeche.mr\/index.php?rest_route=\/wp\/v2\/types\/post"}],"author":[{"embeddable":true,"href":"https:\/\/ladepeche.mr\/index.php?rest_route=\/wp\/v2\/users\/2"}],"replies":[{"embeddable":true,"href":"https:\/\/ladepeche.mr\/index.php?rest_route=%2Fwp%2Fv2%2Fcomments&post=4916"}],"version-history":[{"count":1,"href":"https:\/\/ladepeche.mr\/index.php?rest_route=\/wp\/v2\/posts\/4916\/revisions"}],"predecessor-version":[{"id":4918,"href":"https:\/\/ladepeche.mr\/index.php?rest_route=\/wp\/v2\/posts\/4916\/revisions\/4918"}],"wp:featuredmedia":[{"embeddable":true,"href":"https:\/\/ladepeche.mr\/index.php?rest_route=\/wp\/v2\/media\/4917"}],"wp:attachment":[{"href":"https:\/\/ladepeche.mr\/index.php?rest_route=%2Fwp%2Fv2%2Fmedia&parent=4916"}],"wp:term":[{"taxonomy":"category","embeddable":true,"href":"https:\/\/ladepeche.mr\/index.php?rest_route=%2Fwp%2Fv2%2Fcategories&post=4916"},{"taxonomy":"post_tag","embeddable":true,"href":"https:\/\/ladepeche.mr\/index.php?rest_route=%2Fwp%2Fv2%2Ftags&post=4916"}],"curies":[{"name":"wp","href":"https:\/\/api.w.org\/{rel}","templated":true}]}}