{"id":4919,"date":"2023-03-27T13:20:10","date_gmt":"2023-03-27T13:20:10","guid":{"rendered":"https:\/\/ladepeche.mr\/?p=4919"},"modified":"2023-03-27T13:20:10","modified_gmt":"2023-03-27T13:20:10","slug":"le-fida-octroie-5-millions-deuros-a-la-mauritanie-pour-le-renforcement-de-la-resilience-des-populations-rurales-marginalisees","status":"publish","type":"post","link":"https:\/\/ladepeche.mr\/?p=4919","title":{"rendered":"Le FIDA octroie 5 millions d\u2019euros \u00e0 la Mauritanie pour le renforcement de la r\u00e9silience des populations rurales marginalis\u00e9es"},"content":{"rendered":"<p>Rome, le 27 Mars 2023 \u2013 En vue du financement du \u00ab Programme conjoint Sahel en r\u00e9ponse aux d\u00e9fis COVID 19, conflits et changements climatiques (SD3C G5 Sahel + S\u00e9n\u00e9gal) \u00bb, le Fonds international de d\u00e9veloppement agricole (FIDA) et le gouvernement de la R\u00e9publique islamique de Mauritanie, viennent de signer un accord de pr\u00eat de cinq millions d\u2019euros. Le document a \u00e9t\u00e9 paraph\u00e9 par le Pr\u00e9sident du FIDA, Alvaro Lario, et le Ministre mauritanien des affaires \u00e9conomiques et de la promotion des secteurs productifs, Ousmane Mamoudou Kane.<\/p>\n<p>En Mauritanie, le programme SD3C G5 Sahel + S\u00e9n\u00e9gal touchera 7 500 m\u00e9nages soit environ 45 750 b\u00e9n\u00e9ficiaires dont 50% de femmes et 40% de jeunes essentiellement de petits producteurs et productrices agricoles et des \u00e9leveurs et \u00e9leveuses vuln\u00e9rables tr\u00e8s expos\u00e9s aux crises ainsi que des populations marginalis\u00e9es telles que les femmes sans moyens d\u2019existence et les jeunes inactifs.<br \/>\nLe programme facilitera l\u2019acc\u00e8s des petits producteurs \u00e0 des semences traditionnelles de qualit\u00e9 pour les cultures c\u00e9r\u00e9ali\u00e8res de base (sorgho, petit mil et ma\u00efs). Il contribuera aussi \u00e0 la r\u00e9habilitation d\u2019infrastructures de march\u00e9s, \u00e0 l\u2019am\u00e9lioration de pistes de desserte et \u00e0 la r\u00e9habilitation ou construction de 16 petites unit\u00e9s \u00e9conomiques de collecte et de stockage des produits agricoles. Au moins 100 projets \u00e9conomiques de jeunes et de femmes retenus et soutenus par les organisations professionnelles seront financ\u00e9s sur la base de leur plan d\u2019affaires.<br \/>\nLes activit\u00e9s du programme se concentreront dans cinq communes des d\u00e9partements de Kobenni et Djiguenni, qui sont \u00e9galement couvertes par le Projet de gestion durable des ressources naturelles, d&#8217;\u00e9quipement communal et de structuration des producteurs ruraux (PROGRES), soutenu par le FIDA.<\/p>\n<p>En proie aux effets n\u00e9fastes des changements climatiques qui affectent les fondements structurels de son d\u00e9veloppement \u00e9conomique, la Mauritanie figure parmi les pays en situation de fragilit\u00e9 o\u00f9 la proportion de la population vivant en dessous du seuil de pauvret\u00e9 atteint 40% dans les zones rurales du Sud, o\u00f9 se concentrent les interventions du FIDA. Environ 75% des pauvres vivent dans les zones rurales o\u00f9 cette pr\u00e9valence de la pauvret\u00e9 r\u00e9sulte principalement d\u2019une faible performance du secteur agricole.<\/p>\n<p>SD3C G5 Sahel + S\u00e9n\u00e9gal est un mod\u00e8le de coop\u00e9ration sud-sud qui traduit la volont\u00e9 politique et l\u2019union des \u00c9tats membres du G5 Sahel \u00e0 faire face aux d\u00e9fis de d\u00e9veloppement durable dans le Sahel. Le FIDA, en collaboration avec les autres institutions des Nations Unies ayant leur si\u00e8ge \u00e0 Rome \u00e0 Rome (FAO et PAM), a \u00e9labor\u00e9 ce programme r\u00e9gional qui veut \u00eatre une r\u00e9ponse aux probl\u00e8mes de d\u00e9veloppement qui affectent la zone. D\u2019une dur\u00e9e de cinq ans, il vise \u00e0 renforcer de mani\u00e8re durable la r\u00e9silience des populations rurales les plus vuln\u00e9rables de la r\u00e9gion du Sahel afin d\u2019att\u00e9nuer les effets de la crise COVID-19, des conflits et des changements climatiques. La r\u00e9alisation de cet objectif sera ax\u00e9e sur trois composantes: (i) Augmentation de la productivit\u00e9 et de la production, (ii) Int\u00e9gration \u00e9conomique, et (iii) Concertation sur les politiques, coordination et gestion.<br \/>\nDe 1979 \u00e0 nos jours, le FIDA a particip\u00e9 au financement de 16 programmes et projets de d\u00e9veloppement rural en R\u00e9publique islamique de Mauritanie, en investissant 168,41 millions d&#8217;USD ayant permis de mobiliser sur ces projets un total de 378,3 millions d&#8217;USD, des projets et programmes qui ont b\u00e9n\u00e9fici\u00e9 directement \u00e0 343 470 m\u00e9nages ruraux.<br \/>\nSource FIDA<\/p>\n","protected":false},"excerpt":{"rendered":"<p>Rome, le 27 Mars 2023 \u2013 En vue du financement du \u00ab Programme conjoint Sahel en r\u00e9ponse aux d\u00e9fis COVID 19, conflits et changements climatiques (SD3C G5 Sahel + S\u00e9n\u00e9gal) \u00bb, le Fonds international de d\u00e9veloppement agricole (FIDA) et le gouvernement de la R\u00e9publique islamique de Mauritanie, viennent de signer un accord de pr\u00eat de &hellip;<\/p>\n","protected":false},"author":2,"featured_media":0,"comment_status":"open","ping_status":"open","sticky":false,"template":"","format":"standard","meta":{"footnotes":""},"categories":[18,2,19],"tags":[],"class_list":["post-4919","post","type-post","status-publish","format-standard","hentry","category-actualites","category-economie","category-tribune"],"_links":{"self":[{"href":"https:\/\/ladepeche.mr\/index.php?rest_route=\/wp\/v2\/posts\/4919","targetHints":{"allow":["GET"]}}],"collection":[{"href":"https:\/\/ladepeche.mr\/index.php?rest_route=\/wp\/v2\/posts"}],"about":[{"href":"https:\/\/ladepeche.mr\/index.php?rest_route=\/wp\/v2\/types\/post"}],"author":[{"embeddable":true,"href":"https:\/\/ladepeche.mr\/index.php?rest_route=\/wp\/v2\/users\/2"}],"replies":[{"embeddable":true,"href":"https:\/\/ladepeche.mr\/index.php?rest_route=%2Fwp%2Fv2%2Fcomments&post=4919"}],"version-history":[{"count":1,"href":"https:\/\/ladepeche.mr\/index.php?rest_route=\/wp\/v2\/posts\/4919\/revisions"}],"predecessor-version":[{"id":4920,"href":"https:\/\/ladepeche.mr\/index.php?rest_route=\/wp\/v2\/posts\/4919\/revisions\/4920"}],"wp:attachment":[{"href":"https:\/\/ladepeche.mr\/index.php?rest_route=%2Fwp%2Fv2%2Fmedia&parent=4919"}],"wp:term":[{"taxonomy":"category","embeddable":true,"href":"https:\/\/ladepeche.mr\/index.php?rest_route=%2Fwp%2Fv2%2Fcategories&post=4919"},{"taxonomy":"post_tag","embeddable":true,"href":"https:\/\/ladepeche.mr\/index.php?rest_route=%2Fwp%2Fv2%2Ftags&post=4919"}],"curies":[{"name":"wp","href":"https:\/\/api.w.org\/{rel}","templated":true}]}}