{"id":4921,"date":"2023-03-27T14:16:14","date_gmt":"2023-03-27T14:16:14","guid":{"rendered":"https:\/\/ladepeche.mr\/?p=4921"},"modified":"2023-03-27T14:18:36","modified_gmt":"2023-03-27T14:18:36","slug":"4921","status":"publish","type":"post","link":"https:\/\/ladepeche.mr\/?p=4921","title":{"rendered":"Sahel : La sortie d\u00e9finitive du Mali du G5 Sahel est-elle act\u00e9e ?"},"content":{"rendered":"<p>Le statut du Mali au sein du G5S donne encore du fil \u00e0 retordre, non seulement, \u00e0 ses pairs dans l\u2019organisation, mais aussi aux diff\u00e9rents partenaires avec lesquels il entretenait des liens de coop\u00e9ration via l\u2019organisation.<\/p>\n<p>Le pr\u00e9sident mauritanien, pr\u00e9sident en exercice du G5 Sahel, avait pour d\u00e9licate mission de ramener le Mali au sein de la famille du G5 Sahel. Mais au train o\u00f9 se d\u00e9roulent les choses \u2013le Mali ne contribuant pas non plus au d\u00e9gel avec un recul de la transition- il semble de plus en plus que ce pays qui a claqu\u00e9 la porte de la coop\u00e9ration et bout\u00e9 hors de ses fronti\u00e8res le dispositif fran\u00e7ais de \u00abBarkhane \u00bb n\u2019inspire plus, lui non plus, confiance aux partenaires ext\u00e9rieurs du G5 Sahel.<br \/>\nC\u2019est en tout cas le sentiment avec la r\u00e9union aujourd\u2019hui \u00e0 Bruxelles des membres de la Coalition pour le Sahel sous la direction du coordinateur, le tchadien Djimet Adoum. La Coalition cr\u00e9\u00e9e au lendemain du sommet de Pau du 13 janvier 2020, par les chefs d\u2019Etats de la France, du Burkina Faso, du Mali, de la Mauritanie, du Niger et du Tchad, en pr\u00e9sence du Secr\u00e9taire g\u00e9n\u00e9ral des Nations Unies, du pr\u00e9sident du Conseil europ\u00e9en et du Haut repr\u00e9sentant de l\u2019Union europ\u00e9enne, du pr\u00e9sident de la Commission de l\u2019Union africaine et de la Secr\u00e9taire g\u00e9n\u00e9rale de la Francophonie. L\u2019engouement des partenaires qui a suivi cette rencontre est aujourd\u2019hui \u00e9mouss\u00e9 voire am\u00e8re avec la posture du Mali o\u00f9 une grande partie des acteurs soup\u00e7onne la prise en otage de la junte au pouvoir par son alliance avec le groupe de mercenaires russes, Wagner.<br \/>\nEn tout \u00e9tat de cause, certains partenaires du G5 Sahel, comme le regroupement que forme l\u2019Alliance, ne veulent pas se perdre en conjecture et passe d\u00e9j\u00e0 \u00e0 l\u2019examen d\u2019une approche excluant le Mali de leur coop\u00e9ration. Quoique regrettable, les autorit\u00e9s maliennes ne semblent pas donner d\u2019autre choix \u00e0 tous leurs partenaires.<br \/>\nA Bruxelles donc, la Coalition pour le Sahel qui avait d\u00e9velopp\u00e9 une approche int\u00e9gr\u00e9e au niveau r\u00e9gional \u00ab comprenant l&#8217;ensemble des leviers et acteurs impliqu\u00e9s au Sahel, qu&#8217;ils soient militaires, s\u00e9curitaires, politiques et de d\u00e9veloppement \u00bb va devoir, \u00e0 contrec\u0153ur, revoir sa copie. Mais est-ce que les autorit\u00e9s maliennes ne prennent pas de gros risques de contagion contre leur pays, d\u00e9j\u00e0 banni par la C\u00e9d\u00e9ao, le rendant \u00ab non grata \u00bb dans toutes les instances de coop\u00e9ration sous-r\u00e9gionales dont \u00e9galement l\u2019Alliance Sahel qui regroupe au-del\u00e0 des partenaires sur le terrain militaire des bailleurs de fonds comme l\u2019Ue, la Banque mondiale, la Bad et avec un portefeuille de 1000 projets dans la sous-r\u00e9gion\u2026<br \/>\nUne lueur d\u2019espoir persiste malgr\u00e9 tout avec le communiqu\u00e9 de presse sign\u00e9 le 22 mars dernier du premier comit\u00e9 de pilotage du PDU-UE, r\u00e9uni \u00e0 Nouakchott, d\u2019une valeur de 147.5 millions d\u2019euros, destin\u00e9 aux r\u00e9gions transfrontali\u00e8res et avec lequel on compte encore sur le Mali..<br \/>\nJD<\/p>\n","protected":false},"excerpt":{"rendered":"<p>Le statut du Mali au sein du G5S donne encore du fil \u00e0 retordre, non seulement, \u00e0 ses pairs dans l\u2019organisation, mais aussi aux diff\u00e9rents partenaires avec lesquels il entretenait des liens de coop\u00e9ration via l\u2019organisation. Le pr\u00e9sident mauritanien, pr\u00e9sident en exercice du G5 Sahel, avait pour d\u00e9licate mission de ramener le Mali au sein &hellip;<\/p>\n","protected":false},"author":2,"featured_media":4922,"comment_status":"open","ping_status":"open","sticky":false,"template":"","format":"standard","meta":{"footnotes":""},"categories":[18,29,28],"tags":[],"class_list":["post-4921","post","type-post","status-publish","format-standard","has-post-thumbnail","hentry","category-actualites","category-monde","category-sahel"],"_links":{"self":[{"href":"https:\/\/ladepeche.mr\/index.php?rest_route=\/wp\/v2\/posts\/4921","targetHints":{"allow":["GET"]}}],"collection":[{"href":"https:\/\/ladepeche.mr\/index.php?rest_route=\/wp\/v2\/posts"}],"about":[{"href":"https:\/\/ladepeche.mr\/index.php?rest_route=\/wp\/v2\/types\/post"}],"author":[{"embeddable":true,"href":"https:\/\/ladepeche.mr\/index.php?rest_route=\/wp\/v2\/users\/2"}],"replies":[{"embeddable":true,"href":"https:\/\/ladepeche.mr\/index.php?rest_route=%2Fwp%2Fv2%2Fcomments&post=4921"}],"version-history":[{"count":4,"href":"https:\/\/ladepeche.mr\/index.php?rest_route=\/wp\/v2\/posts\/4921\/revisions"}],"predecessor-version":[{"id":4926,"href":"https:\/\/ladepeche.mr\/index.php?rest_route=\/wp\/v2\/posts\/4921\/revisions\/4926"}],"wp:featuredmedia":[{"embeddable":true,"href":"https:\/\/ladepeche.mr\/index.php?rest_route=\/wp\/v2\/media\/4922"}],"wp:attachment":[{"href":"https:\/\/ladepeche.mr\/index.php?rest_route=%2Fwp%2Fv2%2Fmedia&parent=4921"}],"wp:term":[{"taxonomy":"category","embeddable":true,"href":"https:\/\/ladepeche.mr\/index.php?rest_route=%2Fwp%2Fv2%2Fcategories&post=4921"},{"taxonomy":"post_tag","embeddable":true,"href":"https:\/\/ladepeche.mr\/index.php?rest_route=%2Fwp%2Fv2%2Ftags&post=4921"}],"curies":[{"name":"wp","href":"https:\/\/api.w.org\/{rel}","templated":true}]}}