{"id":4927,"date":"2023-03-27T14:27:21","date_gmt":"2023-03-27T14:27:21","guid":{"rendered":"https:\/\/ladepeche.mr\/?p=4927"},"modified":"2023-03-27T14:27:21","modified_gmt":"2023-03-27T14:27:21","slug":"le-forum-femmes-developpement-et-paix-en-mauritanie-appelle-a-renforcer-le-role-des-femmes-dans-lentrepreneuriat","status":"publish","type":"post","link":"https:\/\/ladepeche.mr\/?p=4927","title":{"rendered":"Le Forum \u00ab Femmes, d\u00e9veloppement et paix \u00bb en Mauritanie appelle \u00e0 renforcer le r\u00f4le des femmes dans l\u2019entrepreneuriat"},"content":{"rendered":"<p>Les participants au Forum \u00ab Femmes, d\u00e9veloppement et paix \u00bb, tenu par l\u2019Organisation du Monde Islamique pour l\u2019\u00c9ducation, les Sciences et la Culture (ICESCO) en partenariat avec la Commission nationale mauritanienne pour l\u2019\u00e9ducation, les sciences et la culture dans la capitale Nouakchott, ont convenu \u00e0 l\u2019unanimit\u00e9 de l\u2019importance de la participation des femmes dans le processus \u00e9conomique, de l\u2019\u00e9change d\u2019id\u00e9es et de bonnes pratiques afin de renforcer le r\u00f4le des femmes mauritaniennes dans l\u2019entrepreneuriat, ainsi que de la pr\u00e9servation du patrimoine culturel et la consolidation de la paix, selon le site web de l\u2019ICESCO.<\/p>\n<p>Les travaux de ce Forum, tenu lundi 20 mars 2023 sous l\u2019\u00e9gide du minist\u00e8re de la Culture, de la Jeunesse, des Sports et des Relations avec le Parlement et du Conseil R\u00e9gional de Nouakchott, dans le cadre de la c\u00e9l\u00e9bration de Nouakchott capitale de la culture dans le monde islamique pour 2023, ont d\u00e9but\u00e9 par la r\u00e9citation de versets du Saint Coran, suivie d\u2019une allocution vid\u00e9o de Dr Salim M. AlMalik, Directeur g\u00e9n\u00e9ral de l\u2019ICESCO, dans laquelle il a soulign\u00e9 que la r\u00e9habilitation femmes au niveau socio\u00e9conomique et l\u2019investissement dans la sant\u00e9 et l\u2019\u00e9ducation contribuent concr\u00e8tement \u00e0 lutter contre la pauvret\u00e9 et \u00e0 b\u00e2tir des soci\u00e9t\u00e9s prosp\u00e8res et avanc\u00e9es pour les g\u00e9n\u00e9rations futures.<\/p>\n<p>Il a soulign\u00e9 que ce Forum repr\u00e9sente une importante pierre angulaire qui vient s\u2019ajouter aux nombreux programmes et initiatives organis\u00e9s par l\u2019ICESCO, saluant les efforts des \u00c9tats membres de l\u2019Organisation dans l\u2019am\u00e9lioration du statut de la femme, dont notamment la R\u00e9publique islamique de Mauritanie qui adopte une orientation strat\u00e9gique ayant permis de r\u00e9aliser des initiatives pionni\u00e8res dans ce domaine.<\/p>\n<p>Le Directeur g\u00e9n\u00e9ral de l\u2019ICESCO a conclu son allocution en r\u00e9affirmant la volont\u00e9 de l\u2019Organisation de progresser dans la mise en \u0153uvre de la strat\u00e9gie de r\u00e9habilitation des femmes, \u00e0 travers des programmes et projets aux effets tangibles.<\/p>\n<p>Dans son allocution, M. Mohamed Ould Sidi Abdallah, Secr\u00e9taire g\u00e9n\u00e9ral de la Commission nationale mauritanienne pour l\u2019\u00e9ducation, les sciences et la culture, a soulign\u00e9 que le Forum c\u00e9l\u00e8bre les femmes mauritaniennes qui ont prouv\u00e9 leur pr\u00e9sence dans les domaines des sciences, du patrimoine et de la paix.<\/p>\n<p>Mme Fatimetou Abdel Malick, Cheffe de la r\u00e9gion de Nouakchott, a prononc\u00e9 un discours dans lequel elle a soulign\u00e9 que le gouvernement mauritanien a lanc\u00e9 nombre de programmes et d\u2019initiatives visant \u00e0 r\u00e9habiliter les femmes et \u00e0 renforcer leur pr\u00e9sence dans divers domaines. De m\u00eame, Mme Al-Zeina Mohamed Al-Amine, conseill\u00e8re au minist\u00e8re mauritanien des Affaires sociales, de l\u2019Enfance et de la Famille, a pr\u00e9cis\u00e9 que la r\u00e9alisation du d\u00e9veloppement passe par la compl\u00e9mentarit\u00e9 des r\u00f4les entre toutes les composantes de la soci\u00e9t\u00e9.<\/p>\n<p>Dans son intervention, Mme Aminatou Mint Zeidan, membre de la promotion 2022 du Programme de l\u2019ICESCO de formation au leadership pour la paix et la s\u00e9curit\u00e9, a partag\u00e9 son exp\u00e9rience dans le Programme, soulignant qu\u2019il lui a permis d\u2019acqu\u00e9rir nombre de comp\u00e9tences importantes.<\/p>\n<p>Lors d\u2019une s\u00e9ance intitul\u00e9e : \u00ab Les femmes, actrices du d\u00e9veloppement et de la paix \u00bb, Mme Ramata Almamy Mbaye, Cheffe du Secteur des sciences sociales et humaines \u00e0 l\u2019ICESCO, a pass\u00e9 en revue les principaux indicateurs et statistiques relatifs \u00e0 la condition des femmes en Afrique, ainsi que les principaux programmes et initiatives de l\u2019ICESCO visant \u00e0 renforcer le r\u00f4le des femmes.<\/p>\n<p>En conclusion, a \u00e9t\u00e9 projet\u00e9e une vid\u00e9o produite par l\u2019ICESCO sur le Programme de formation des femmes et des jeunes au leadership pour la paix et la s\u00e9curit\u00e9.<br \/>\nhttps:\/\/azertag.az\/fr\/xeber\/france-2541968<\/p>\n<p>Photo Isesco<\/p>\n","protected":false},"excerpt":{"rendered":"<p>Les participants au Forum \u00ab Femmes, d\u00e9veloppement et paix \u00bb, tenu par l\u2019Organisation du Monde Islamique pour l\u2019\u00c9ducation, les Sciences et la Culture (ICESCO) en partenariat avec la Commission nationale mauritanienne pour l\u2019\u00e9ducation, les sciences et la culture dans la capitale Nouakchott, ont convenu \u00e0 l\u2019unanimit\u00e9 de l\u2019importance de la participation des femmes dans le &hellip;<\/p>\n","protected":false},"author":2,"featured_media":4928,"comment_status":"open","ping_status":"open","sticky":false,"template":"","format":"standard","meta":{"footnotes":""},"categories":[15],"tags":[],"class_list":["post-4927","post","type-post","status-publish","format-standard","has-post-thumbnail","hentry","category-culture"],"_links":{"self":[{"href":"https:\/\/ladepeche.mr\/index.php?rest_route=\/wp\/v2\/posts\/4927","targetHints":{"allow":["GET"]}}],"collection":[{"href":"https:\/\/ladepeche.mr\/index.php?rest_route=\/wp\/v2\/posts"}],"about":[{"href":"https:\/\/ladepeche.mr\/index.php?rest_route=\/wp\/v2\/types\/post"}],"author":[{"embeddable":true,"href":"https:\/\/ladepeche.mr\/index.php?rest_route=\/wp\/v2\/users\/2"}],"replies":[{"embeddable":true,"href":"https:\/\/ladepeche.mr\/index.php?rest_route=%2Fwp%2Fv2%2Fcomments&post=4927"}],"version-history":[{"count":1,"href":"https:\/\/ladepeche.mr\/index.php?rest_route=\/wp\/v2\/posts\/4927\/revisions"}],"predecessor-version":[{"id":4929,"href":"https:\/\/ladepeche.mr\/index.php?rest_route=\/wp\/v2\/posts\/4927\/revisions\/4929"}],"wp:featuredmedia":[{"embeddable":true,"href":"https:\/\/ladepeche.mr\/index.php?rest_route=\/wp\/v2\/media\/4928"}],"wp:attachment":[{"href":"https:\/\/ladepeche.mr\/index.php?rest_route=%2Fwp%2Fv2%2Fmedia&parent=4927"}],"wp:term":[{"taxonomy":"category","embeddable":true,"href":"https:\/\/ladepeche.mr\/index.php?rest_route=%2Fwp%2Fv2%2Fcategories&post=4927"},{"taxonomy":"post_tag","embeddable":true,"href":"https:\/\/ladepeche.mr\/index.php?rest_route=%2Fwp%2Fv2%2Ftags&post=4927"}],"curies":[{"name":"wp","href":"https:\/\/api.w.org\/{rel}","templated":true}]}}