{"id":4930,"date":"2023-03-27T14:43:07","date_gmt":"2023-03-27T14:43:07","guid":{"rendered":"https:\/\/ladepeche.mr\/?p=4930"},"modified":"2023-03-27T14:43:07","modified_gmt":"2023-03-27T14:43:07","slug":"la-mauritanie-condamne-avec-fermete-lautodafe-dexemplaires-du-saint-coran","status":"publish","type":"post","link":"https:\/\/ladepeche.mr\/?p=4930","title":{"rendered":"La Mauritanie condamne avec fermet\u00e9 l\u2019autodaf\u00e9 d\u2019exemplaires du Saint Coran"},"content":{"rendered":"<p>Dans un communiqu\u00e9 du minist\u00e8re des Affaires \u00e9trang\u00e8res, de la Coop\u00e9ration et des Mauritaniens de l\u2019Ext\u00e9rieur, rendu public, aujourd\u2019hui dimanche et dont copie est parvenue \u00e0 l\u2019Agence Mauritanienne d\u2019Information (AMI), la R\u00e9publique Islamique de Mauritanie a fermement condamn\u00e9 la permission par les autorit\u00e9s danoises de la r\u00e9p\u00e9tition d\u2019actes de provocation contre les sentiments des musulmans \u00e0 travers l\u2019autodaf\u00e9 d\u2019exemplaires du Saint Coran.<\/p>\n<p>Voici la traduction du texte de ce communiqu\u00e9 :<\/p>\n<p>\u00ab Le minist\u00e8re des Affaires \u00e9trang\u00e8res, de la Coop\u00e9ration et des Mauritaniens de l\u2019Ext\u00e9rieur de la R\u00e9publique islamique de Mauritanie condamne fermement la permission des autorit\u00e9s danoises aux extr\u00e9mistes de r\u00e9p\u00e9tition d\u2019actes de provocation contre les sentiments des musulmans \u00e0 travers l\u2019autodaf\u00e9 d\u2019exemplaires du Saint Coran<\/p>\n<p>Un tel comportement provocateur, honteux et irresponsable, qui contredit les principes de la d\u00e9mocratie, de la libert\u00e9 d\u2019expression et des droits de l\u2019homme, est susceptible d\u2019attiser davantage les sentiments de ranc\u0153ur et de haine entre les nations et les cultures \u00e0 un moment o\u00f9 il est urgent d\u2019\u0153uvrer \u00e0 la promotion des valeurs de dialogue, de tol\u00e9rance et de compr\u00e9hension entre les peuples et de renforcer les efforts conjoints de lutte contre le fanatisme et l\u2019extr\u00e9misme \u00bb.<br \/>\nAmi<\/p>\n","protected":false},"excerpt":{"rendered":"<p>Dans un communiqu\u00e9 du minist\u00e8re des Affaires \u00e9trang\u00e8res, de la Coop\u00e9ration et des Mauritaniens de l\u2019Ext\u00e9rieur, rendu public, aujourd\u2019hui dimanche et dont copie est parvenue \u00e0 l\u2019Agence Mauritanienne d\u2019Information (AMI), la R\u00e9publique Islamique de Mauritanie a fermement condamn\u00e9 la permission par les autorit\u00e9s danoises de la r\u00e9p\u00e9tition d\u2019actes de provocation contre les sentiments des musulmans &hellip;<\/p>\n","protected":false},"author":2,"featured_media":0,"comment_status":"open","ping_status":"open","sticky":false,"template":"","format":"standard","meta":{"footnotes":""},"categories":[18,15],"tags":[],"class_list":["post-4930","post","type-post","status-publish","format-standard","hentry","category-actualites","category-culture"],"_links":{"self":[{"href":"https:\/\/ladepeche.mr\/index.php?rest_route=\/wp\/v2\/posts\/4930","targetHints":{"allow":["GET"]}}],"collection":[{"href":"https:\/\/ladepeche.mr\/index.php?rest_route=\/wp\/v2\/posts"}],"about":[{"href":"https:\/\/ladepeche.mr\/index.php?rest_route=\/wp\/v2\/types\/post"}],"author":[{"embeddable":true,"href":"https:\/\/ladepeche.mr\/index.php?rest_route=\/wp\/v2\/users\/2"}],"replies":[{"embeddable":true,"href":"https:\/\/ladepeche.mr\/index.php?rest_route=%2Fwp%2Fv2%2Fcomments&post=4930"}],"version-history":[{"count":1,"href":"https:\/\/ladepeche.mr\/index.php?rest_route=\/wp\/v2\/posts\/4930\/revisions"}],"predecessor-version":[{"id":4931,"href":"https:\/\/ladepeche.mr\/index.php?rest_route=\/wp\/v2\/posts\/4930\/revisions\/4931"}],"wp:attachment":[{"href":"https:\/\/ladepeche.mr\/index.php?rest_route=%2Fwp%2Fv2%2Fmedia&parent=4930"}],"wp:term":[{"taxonomy":"category","embeddable":true,"href":"https:\/\/ladepeche.mr\/index.php?rest_route=%2Fwp%2Fv2%2Fcategories&post=4930"},{"taxonomy":"post_tag","embeddable":true,"href":"https:\/\/ladepeche.mr\/index.php?rest_route=%2Fwp%2Fv2%2Ftags&post=4930"}],"curies":[{"name":"wp","href":"https:\/\/api.w.org\/{rel}","templated":true}]}}