{"id":4932,"date":"2023-03-27T15:16:20","date_gmt":"2023-03-27T15:16:20","guid":{"rendered":"https:\/\/ladepeche.mr\/?p=4932"},"modified":"2023-03-27T15:16:20","modified_gmt":"2023-03-27T15:16:20","slug":"ligue-arabe-prochain-sommet-en-arabie-saoudite","status":"publish","type":"post","link":"https:\/\/ladepeche.mr\/?p=4932","title":{"rendered":"Ligue Arabe: Prochain sommet en Arabie saoudite"},"content":{"rendered":"<p>Le 32\u00e8me sommet de la Ligue des Etats arabes se tiendra en Arabie saoudite, a r\u00e9v\u00e9l\u00e9 Hossam Zaki, secr\u00e9taire g\u00e9n\u00e9ral-adjoint de la Ligue.<\/p>\n<p>Le sommet de la Ligue arabe sera abrit\u00e9 \u00e0 Djeddah \u00e0 partir du 19 mai 2023 et sera pr\u00e9c\u00e9d\u00e9 de plusieurs r\u00e9unions minist\u00e9rielles pr\u00e9paratoires de l&#8217;ordre du jour de la r\u00e9union des Chefs d&#8217;Etat et de gouvernements.<\/p>\n<p>Le dernier sommet, rappelle-t-on, s&#8217;\u00e9tait  tenu en novembre 2022 \u00e0 Alger (Alg\u00e9rie).<\/p>\n","protected":false},"excerpt":{"rendered":"<p>Le 32\u00e8me sommet de la Ligue des Etats arabes se tiendra en Arabie saoudite, a r\u00e9v\u00e9l\u00e9 Hossam Zaki, secr\u00e9taire g\u00e9n\u00e9ral-adjoint de la Ligue. Le sommet de la Ligue arabe sera abrit\u00e9 \u00e0 Djeddah \u00e0 partir du 19 mai 2023 et sera pr\u00e9c\u00e9d\u00e9 de plusieurs r\u00e9unions minist\u00e9rielles pr\u00e9paratoires de l&#8217;ordre du jour de la r\u00e9union des &hellip;<\/p>\n","protected":false},"author":2,"featured_media":0,"comment_status":"open","ping_status":"open","sticky":false,"template":"","format":"standard","meta":{"footnotes":""},"categories":[18],"tags":[],"class_list":["post-4932","post","type-post","status-publish","format-standard","hentry","category-actualites"],"_links":{"self":[{"href":"https:\/\/ladepeche.mr\/index.php?rest_route=\/wp\/v2\/posts\/4932","targetHints":{"allow":["GET"]}}],"collection":[{"href":"https:\/\/ladepeche.mr\/index.php?rest_route=\/wp\/v2\/posts"}],"about":[{"href":"https:\/\/ladepeche.mr\/index.php?rest_route=\/wp\/v2\/types\/post"}],"author":[{"embeddable":true,"href":"https:\/\/ladepeche.mr\/index.php?rest_route=\/wp\/v2\/users\/2"}],"replies":[{"embeddable":true,"href":"https:\/\/ladepeche.mr\/index.php?rest_route=%2Fwp%2Fv2%2Fcomments&post=4932"}],"version-history":[{"count":1,"href":"https:\/\/ladepeche.mr\/index.php?rest_route=\/wp\/v2\/posts\/4932\/revisions"}],"predecessor-version":[{"id":4933,"href":"https:\/\/ladepeche.mr\/index.php?rest_route=\/wp\/v2\/posts\/4932\/revisions\/4933"}],"wp:attachment":[{"href":"https:\/\/ladepeche.mr\/index.php?rest_route=%2Fwp%2Fv2%2Fmedia&parent=4932"}],"wp:term":[{"taxonomy":"category","embeddable":true,"href":"https:\/\/ladepeche.mr\/index.php?rest_route=%2Fwp%2Fv2%2Fcategories&post=4932"},{"taxonomy":"post_tag","embeddable":true,"href":"https:\/\/ladepeche.mr\/index.php?rest_route=%2Fwp%2Fv2%2Ftags&post=4932"}],"curies":[{"name":"wp","href":"https:\/\/api.w.org\/{rel}","templated":true}]}}