{"id":4945,"date":"2023-03-28T15:46:35","date_gmt":"2023-03-28T15:46:35","guid":{"rendered":"https:\/\/ladepeche.mr\/?p=4945"},"modified":"2023-03-28T15:46:35","modified_gmt":"2023-03-28T15:46:35","slug":"economie-cooperation-economique-et-situation-au-sahel-au-centre-des-entretiens-du-maepsp-avec-la-representante-speciale-adjointe-du-sg-des-nu","status":"publish","type":"post","link":"https:\/\/ladepeche.mr\/?p=4945","title":{"rendered":"Economie- Coop\u00e9ration \u00e9conomique et situation au Sahel au centre des entretiens du MAEPSP avec la repr\u00e9sentante sp\u00e9ciale adjointe  du SG des NU"},"content":{"rendered":"<p>Le ministre des affaires \u00e9conomiques et de la promotion des secteurs productifs, O. M. Kane s\u2019est entretenu mardi avec une d\u00e9l\u00e9gation du Bureau des Nations Unies pour l&#8217;Afrique de l&#8217;Ouest et la r\u00e9gion du Sahel du renforcement de coop\u00e9ration \u00e9conomique avec les N.U et de la situation pr\u00e9valant au Sahel.<br \/>\nD\u2019autres sujets d\u2019int\u00e9r\u00eat commun auraient \u00e9galement discut\u00e9 par les deux parties.<br \/>\nLa mission onusienne \u00e9tait conduite par la repr\u00e9sentante sp\u00e9ciale adjointe  du Secr\u00e9taire g\u00e9n\u00e9ral des Nations Unies, Chef de mission par int\u00e9rim, Mme. Giovanni Beha.<br \/>\nPlusieurs personnalit\u00e9s dont la repr\u00e9sentante r\u00e9sidente du programme des nations-unies pour le d\u00e9veloppement et le secr\u00e9taire g\u00e9n\u00e9ral du minist\u00e8re, Yacoub Ould Ahmed Aicha ainsi que le conseiller charg\u00e9 des affaires \u00e9conomiques, M. Moustapha Sidi  Mohamed, ont pris part \u00e0 cette rencontre.<\/p>\n","protected":false},"excerpt":{"rendered":"<p>Le ministre des affaires \u00e9conomiques et de la promotion des secteurs productifs, O. M. Kane s\u2019est entretenu mardi avec une d\u00e9l\u00e9gation du Bureau des Nations Unies pour l&#8217;Afrique de l&#8217;Ouest et la r\u00e9gion du Sahel du renforcement de coop\u00e9ration \u00e9conomique avec les N.U et de la situation pr\u00e9valant au Sahel. D\u2019autres sujets d\u2019int\u00e9r\u00eat commun auraient &hellip;<\/p>\n","protected":false},"author":2,"featured_media":4948,"comment_status":"open","ping_status":"open","sticky":false,"template":"","format":"standard","meta":{"footnotes":""},"categories":[18,2,29],"tags":[],"class_list":["post-4945","post","type-post","status-publish","format-standard","has-post-thumbnail","hentry","category-actualites","category-economie","category-monde"],"_links":{"self":[{"href":"https:\/\/ladepeche.mr\/index.php?rest_route=\/wp\/v2\/posts\/4945","targetHints":{"allow":["GET"]}}],"collection":[{"href":"https:\/\/ladepeche.mr\/index.php?rest_route=\/wp\/v2\/posts"}],"about":[{"href":"https:\/\/ladepeche.mr\/index.php?rest_route=\/wp\/v2\/types\/post"}],"author":[{"embeddable":true,"href":"https:\/\/ladepeche.mr\/index.php?rest_route=\/wp\/v2\/users\/2"}],"replies":[{"embeddable":true,"href":"https:\/\/ladepeche.mr\/index.php?rest_route=%2Fwp%2Fv2%2Fcomments&post=4945"}],"version-history":[{"count":1,"href":"https:\/\/ladepeche.mr\/index.php?rest_route=\/wp\/v2\/posts\/4945\/revisions"}],"predecessor-version":[{"id":4946,"href":"https:\/\/ladepeche.mr\/index.php?rest_route=\/wp\/v2\/posts\/4945\/revisions\/4946"}],"wp:featuredmedia":[{"embeddable":true,"href":"https:\/\/ladepeche.mr\/index.php?rest_route=\/wp\/v2\/media\/4948"}],"wp:attachment":[{"href":"https:\/\/ladepeche.mr\/index.php?rest_route=%2Fwp%2Fv2%2Fmedia&parent=4945"}],"wp:term":[{"taxonomy":"category","embeddable":true,"href":"https:\/\/ladepeche.mr\/index.php?rest_route=%2Fwp%2Fv2%2Fcategories&post=4945"},{"taxonomy":"post_tag","embeddable":true,"href":"https:\/\/ladepeche.mr\/index.php?rest_route=%2Fwp%2Fv2%2Ftags&post=4945"}],"curies":[{"name":"wp","href":"https:\/\/api.w.org\/{rel}","templated":true}]}}