{"id":4950,"date":"2023-03-28T23:45:38","date_gmt":"2023-03-28T23:45:38","guid":{"rendered":"https:\/\/ladepeche.mr\/?p=4950"},"modified":"2023-03-28T23:53:42","modified_gmt":"2023-03-28T23:53:42","slug":"uranium-aura-energy-presentera-le-30-mars-letude-de-faisabilite-amelioree-du-projet-tiris","status":"publish","type":"post","link":"https:\/\/ladepeche.mr\/?p=4950","title":{"rendered":"Uranium : Aura Energy pr\u00e9sentera, le 30 mars aux investisseurs, l&#8217;\u00e9tude de faisabilit\u00e9 am\u00e9lior\u00e9e du projet \u00abTiris\u00bb"},"content":{"rendered":"<p>Aura Energy qui travaille sur le projet \u00ab Tiris \u00bb d\u2019exploitation d\u2019uranium en Mauritanie passe, le 30 mars courant, \u00e0 une ultime \u00e9tape de pr\u00e9sentation de son plan de d\u00e9veloppement \u00e0 l\u2019int\u00e9r\u00eat des investisseurs \u00e9ventuels, \u00e0 travers un webinar, suite \u00e0 l\u2019\u00e9tude de faisabilit\u00e9 am\u00e9lior\u00e9e. Cette derni\u00e8re a vu une augmentation de la valeur actuelle nette du projet d\u2019exploitation d\u2019uranium \u00ab Tiris \u00bb de 80 \u00e0 226 millions de dollars australiens.<br \/>\nCette porte ouverte sur l\u2019entreprise sera aussi marqu\u00e9e par l\u2019intervention de son directeur g\u00e9n\u00e9ral David Woodall qui \u00ab pr\u00e9sentera une mise \u00e0 jour sur les activit\u00e9s \u00bb,  \u00ab la dynamique actuelle du march\u00e9 de l&#8217;uranium \u00bb et l\u2019int\u00e9r\u00eat des \u00ab efforts mondiaux pour d\u00e9carboniser \u00bb  ainsi qu\u2019une meilleure appr\u00e9hension des avantages de l&#8217;\u00e9nergie nucl\u00e9aire.<br \/>\nDavid Woodall se pr\u00eatera enfin lors de ce webinar aux questions des investisseurs int\u00e9ress\u00e9s.<br \/>\nNotons que le projet \u00ab Tiris \u00bb de production d\u2019uranium devrait entrer en phase de production commerciale en 2024.<br \/>\nIl a d\u00e9j\u00e0 fait l\u2019objet, en f\u00e9vrier 2023, de conventions mini\u00e8res avec l\u2019Etat mauritanien en plus de la signature d\u2019un accord des actionnaires avec l\u2019ANARPAM, l\u2019Agence Nationale de Recherches G\u00e9ologiques et du Patrimoine Minier.<\/p>\n","protected":false},"excerpt":{"rendered":"<p>Aura Energy qui travaille sur le projet \u00ab Tiris \u00bb d\u2019exploitation d\u2019uranium en Mauritanie passe, le 30 mars courant, \u00e0 une ultime \u00e9tape de pr\u00e9sentation de son plan de d\u00e9veloppement \u00e0 l\u2019int\u00e9r\u00eat des investisseurs \u00e9ventuels, \u00e0 travers un webinar, suite \u00e0 l\u2019\u00e9tude de faisabilit\u00e9 am\u00e9lior\u00e9e. Cette derni\u00e8re a vu une augmentation de la valeur actuelle &hellip;<\/p>\n","protected":false},"author":2,"featured_media":4951,"comment_status":"open","ping_status":"open","sticky":false,"template":"","format":"standard","meta":{"footnotes":""},"categories":[18,2],"tags":[],"class_list":["post-4950","post","type-post","status-publish","format-standard","has-post-thumbnail","hentry","category-actualites","category-economie"],"_links":{"self":[{"href":"https:\/\/ladepeche.mr\/index.php?rest_route=\/wp\/v2\/posts\/4950","targetHints":{"allow":["GET"]}}],"collection":[{"href":"https:\/\/ladepeche.mr\/index.php?rest_route=\/wp\/v2\/posts"}],"about":[{"href":"https:\/\/ladepeche.mr\/index.php?rest_route=\/wp\/v2\/types\/post"}],"author":[{"embeddable":true,"href":"https:\/\/ladepeche.mr\/index.php?rest_route=\/wp\/v2\/users\/2"}],"replies":[{"embeddable":true,"href":"https:\/\/ladepeche.mr\/index.php?rest_route=%2Fwp%2Fv2%2Fcomments&post=4950"}],"version-history":[{"count":3,"href":"https:\/\/ladepeche.mr\/index.php?rest_route=\/wp\/v2\/posts\/4950\/revisions"}],"predecessor-version":[{"id":4954,"href":"https:\/\/ladepeche.mr\/index.php?rest_route=\/wp\/v2\/posts\/4950\/revisions\/4954"}],"wp:featuredmedia":[{"embeddable":true,"href":"https:\/\/ladepeche.mr\/index.php?rest_route=\/wp\/v2\/media\/4951"}],"wp:attachment":[{"href":"https:\/\/ladepeche.mr\/index.php?rest_route=%2Fwp%2Fv2%2Fmedia&parent=4950"}],"wp:term":[{"taxonomy":"category","embeddable":true,"href":"https:\/\/ladepeche.mr\/index.php?rest_route=%2Fwp%2Fv2%2Fcategories&post=4950"},{"taxonomy":"post_tag","embeddable":true,"href":"https:\/\/ladepeche.mr\/index.php?rest_route=%2Fwp%2Fv2%2Ftags&post=4950"}],"curies":[{"name":"wp","href":"https:\/\/api.w.org\/{rel}","templated":true}]}}