{"id":4956,"date":"2023-03-29T14:46:59","date_gmt":"2023-03-29T14:46:59","guid":{"rendered":"https:\/\/ladepeche.mr\/?p=4956"},"modified":"2023-03-29T14:46:59","modified_gmt":"2023-03-29T14:46:59","slug":"medias-sidi-moctar-cheiguer-nest-plus","status":"publish","type":"post","link":"https:\/\/ladepeche.mr\/?p=4956","title":{"rendered":"M\u00e9dias: Sidi Moctar Cheiguer n&#8217;est plus!"},"content":{"rendered":"<p>Nous avons appris avec une grande douleur le d\u00e9c\u00e8s \u00e0 Nialey de notre confr\u00e8re et compatriote, Sidi Moctar Ould Cheiguer. Sidi El Moctar Ould Cheigher \u00e9tait hospitalis\u00e9 depuis quelques jours \u00e0 Niamey (Niger) o\u00f9 il travaillait comme Consultant-Communicant aupr\u00e8s du bureau de la Repr\u00e9sentation de la Banque africaine de d\u00e9veloppement. Son corps devrait \u00eatre incessamment rapatri\u00e9 \u00e0 Nouakchott.<br \/>\nAvec sa disparition pr\u00e9matur\u00e9e, la Mauritanie perd l&#8217;une de ses ic\u00f4nes de ses m\u00e9dias et un homme intelligent et affable. Ina Lillahi We Ina Ileyhi Rajoune<\/p>\n","protected":false},"excerpt":{"rendered":"<p>Nous avons appris avec une grande douleur le d\u00e9c\u00e8s \u00e0 Nialey de notre confr\u00e8re et compatriote, Sidi Moctar Ould Cheiguer. Sidi El Moctar Ould Cheigher \u00e9tait hospitalis\u00e9 depuis quelques jours \u00e0 Niamey (Niger) o\u00f9 il travaillait comme Consultant-Communicant aupr\u00e8s du bureau de la Repr\u00e9sentation de la Banque africaine de d\u00e9veloppement. Son corps devrait \u00eatre incessamment &hellip;<\/p>\n","protected":false},"author":2,"featured_media":4957,"comment_status":"open","ping_status":"open","sticky":false,"template":"","format":"standard","meta":{"footnotes":""},"categories":[18],"tags":[],"class_list":["post-4956","post","type-post","status-publish","format-standard","has-post-thumbnail","hentry","category-actualites"],"_links":{"self":[{"href":"https:\/\/ladepeche.mr\/index.php?rest_route=\/wp\/v2\/posts\/4956","targetHints":{"allow":["GET"]}}],"collection":[{"href":"https:\/\/ladepeche.mr\/index.php?rest_route=\/wp\/v2\/posts"}],"about":[{"href":"https:\/\/ladepeche.mr\/index.php?rest_route=\/wp\/v2\/types\/post"}],"author":[{"embeddable":true,"href":"https:\/\/ladepeche.mr\/index.php?rest_route=\/wp\/v2\/users\/2"}],"replies":[{"embeddable":true,"href":"https:\/\/ladepeche.mr\/index.php?rest_route=%2Fwp%2Fv2%2Fcomments&post=4956"}],"version-history":[{"count":2,"href":"https:\/\/ladepeche.mr\/index.php?rest_route=\/wp\/v2\/posts\/4956\/revisions"}],"predecessor-version":[{"id":4959,"href":"https:\/\/ladepeche.mr\/index.php?rest_route=\/wp\/v2\/posts\/4956\/revisions\/4959"}],"wp:featuredmedia":[{"embeddable":true,"href":"https:\/\/ladepeche.mr\/index.php?rest_route=\/wp\/v2\/media\/4957"}],"wp:attachment":[{"href":"https:\/\/ladepeche.mr\/index.php?rest_route=%2Fwp%2Fv2%2Fmedia&parent=4956"}],"wp:term":[{"taxonomy":"category","embeddable":true,"href":"https:\/\/ladepeche.mr\/index.php?rest_route=%2Fwp%2Fv2%2Fcategories&post=4956"},{"taxonomy":"post_tag","embeddable":true,"href":"https:\/\/ladepeche.mr\/index.php?rest_route=%2Fwp%2Fv2%2Ftags&post=4956"}],"curies":[{"name":"wp","href":"https:\/\/api.w.org\/{rel}","templated":true}]}}