{"id":4960,"date":"2023-03-29T22:45:21","date_gmt":"2023-03-29T22:45:21","guid":{"rendered":"https:\/\/ladepeche.mr\/?p=4960"},"modified":"2023-03-29T21:55:21","modified_gmt":"2023-03-29T21:55:21","slug":"maroc-algerie-un-vieux-contentieux-entre-les-deux-pays-refait-surface-a-geneve","status":"publish","type":"post","link":"https:\/\/ladepeche.mr\/?p=4960","title":{"rendered":"Maroc-Alg\u00e9rie : Un vieux contentieux entre les deux pays refait surface \u00e0 Gen\u00e8ve"},"content":{"rendered":"<p>\u00ab Le Comit\u00e9 des travailleurs migrants se penche sur la trag\u00e9die des Marocains expuls\u00e9s d\u2019Alg\u00e9rie \u00bb assure-t-on de source m\u00e9diatique \u00e0 l\u2019occasion de l\u2019examen du deuxi\u00e8me rapport p\u00e9riodique du Maroc sur la mise en \u0153uvre de la Convention internationale sur la protection des droits de tous les travailleurs migrants et des membres de leur famille. De quoi s\u2019agit-il en fait ? L\u2019histoire remonte \u00e0 l\u2019ann\u00e9e 1975 lorsque des milliers de citoyens marocains ont \u00e9t\u00e9 expuls\u00e9s d\u2019Alg\u00e9rie sans doute en raison des r\u00e9percussions de la guerre du Sahara. La question des droits de ces migrants marocains et de leurs familles est mise sur la table par une experte internationale, Fatima Diallo, lors d\u2019un dialogue interactif du Comit\u00e9 des travailleurs migrants, qui s\u2019est tenu mardi \u00e0 Gen\u00e8ve. Les assertions de Fatima Diallo \u00e9taient \u00e9galement soutenues par le directeur des questions globales au minist\u00e8re des Affaires \u00e9trang\u00e8res, de la coop\u00e9ration africaine et des Marocains r\u00e9sidant \u00e0 l\u2019\u00e9tranger. L\u2019experte a notamment parl\u00e9 des droits et bien des migrants qui r\u00e9sidaient r\u00e9guli\u00e8rement en Alg\u00e9rie \u00e0 cette \u00e9poque et s\u2019est demand\u00e9e quelles mesures avaient \u00e9t\u00e9 prises pour la restitution des biens spoli\u00e9s et pour le d\u00e9dommagement des int\u00e9ress\u00e9s. Ces derniers sont estim\u00e9s par le directeur des questions globales au minist\u00e8re des Affaires \u00e9trang\u00e8res, de la coop\u00e9ration africaine et des Marocains r\u00e9sidant \u00e0 l\u2019\u00e9tranger, Ismail Chekkori, \u00e0 45 mille familles indiquant que les migrants avaient b\u00e9n\u00e9fici\u00e9 de la solidarit\u00e9 leurs compatriotes pour leur insertion professionnelle et l\u2019acc\u00e8s aux services sociaux.<br \/>\nDes droits et d\u00e9dommagements que le Maroc dont le Maroc r\u00e9clame l\u2019examen par le comit\u00e9 onusien et leur satisfaction pour garantir la justice \u00e0 ses ressortissants expuls\u00e9s aupr\u00e8s du pays h\u00f4te avec lequel les relations politiques et diplomatiques se sont d\u00e9t\u00e9rior\u00e9es ces derniers temps.<br \/>\nUne d\u00e9l\u00e9gation marocaine multisectorielle, conduite par le ministre de l\u2019Inclusion \u00e9conomique, de la petite entreprise, de l\u2019emploi et des comp\u00e9tences, Younes Sekkouri, a particip\u00e9 \u00e0 la rencontre, qui a permis de pr\u00e9senter la politique marocaine en mati\u00e8re d\u2019immigration et d\u2019asile.<br \/>\n(avec m\u00e9dias)<\/p>\n","protected":false},"excerpt":{"rendered":"<p>\u00ab Le Comit\u00e9 des travailleurs migrants se penche sur la trag\u00e9die des Marocains expuls\u00e9s d\u2019Alg\u00e9rie \u00bb assure-t-on de source m\u00e9diatique \u00e0 l\u2019occasion de l\u2019examen du deuxi\u00e8me rapport p\u00e9riodique du Maroc sur la mise en \u0153uvre de la Convention internationale sur la protection des droits de tous les travailleurs migrants et des membres de leur famille. &hellip;<\/p>\n","protected":false},"author":2,"featured_media":4961,"comment_status":"open","ping_status":"open","sticky":false,"template":"","format":"standard","meta":{"footnotes":""},"categories":[18,29],"tags":[],"class_list":["post-4960","post","type-post","status-publish","format-standard","has-post-thumbnail","hentry","category-actualites","category-monde"],"_links":{"self":[{"href":"https:\/\/ladepeche.mr\/index.php?rest_route=\/wp\/v2\/posts\/4960","targetHints":{"allow":["GET"]}}],"collection":[{"href":"https:\/\/ladepeche.mr\/index.php?rest_route=\/wp\/v2\/posts"}],"about":[{"href":"https:\/\/ladepeche.mr\/index.php?rest_route=\/wp\/v2\/types\/post"}],"author":[{"embeddable":true,"href":"https:\/\/ladepeche.mr\/index.php?rest_route=\/wp\/v2\/users\/2"}],"replies":[{"embeddable":true,"href":"https:\/\/ladepeche.mr\/index.php?rest_route=%2Fwp%2Fv2%2Fcomments&post=4960"}],"version-history":[{"count":1,"href":"https:\/\/ladepeche.mr\/index.php?rest_route=\/wp\/v2\/posts\/4960\/revisions"}],"predecessor-version":[{"id":4962,"href":"https:\/\/ladepeche.mr\/index.php?rest_route=\/wp\/v2\/posts\/4960\/revisions\/4962"}],"wp:featuredmedia":[{"embeddable":true,"href":"https:\/\/ladepeche.mr\/index.php?rest_route=\/wp\/v2\/media\/4961"}],"wp:attachment":[{"href":"https:\/\/ladepeche.mr\/index.php?rest_route=%2Fwp%2Fv2%2Fmedia&parent=4960"}],"wp:term":[{"taxonomy":"category","embeddable":true,"href":"https:\/\/ladepeche.mr\/index.php?rest_route=%2Fwp%2Fv2%2Fcategories&post=4960"},{"taxonomy":"post_tag","embeddable":true,"href":"https:\/\/ladepeche.mr\/index.php?rest_route=%2Fwp%2Fv2%2Ftags&post=4960"}],"curies":[{"name":"wp","href":"https:\/\/api.w.org\/{rel}","templated":true}]}}