{"id":4964,"date":"2023-03-29T23:36:42","date_gmt":"2023-03-29T23:36:42","guid":{"rendered":"https:\/\/ladepeche.mr\/?p=4964"},"modified":"2023-03-29T23:38:53","modified_gmt":"2023-03-29T23:38:53","slug":"mauritanie-france-economie-le-dg-de-lafd-r-rioux-attendu-a-nouakchott","status":"publish","type":"post","link":"https:\/\/ladepeche.mr\/?p=4964","title":{"rendered":"Mauritanie-France- Economie : Le DG de l\u2019AFD, R. Rioux, attendu \u00e0 Nouakchott"},"content":{"rendered":"<p>Le DG de l\u2019Agence fran\u00e7aise de d\u00e9veloppement (AFD), R\u00e9my Rioux, est annonc\u00e9 jeudi \u00e0 Nouakchott pour une visite de travail de 48 heures, apprend-on de source de l\u2019ambassade de France en Mauritanie.<br \/>\nLe programme de cette visite sera marqu\u00e9 par plusieurs activit\u00e9s autour des r\u00e9alisations de l\u2019AFD en Mauritanie. Il est aussi question, dans ce cadre, de la signature jeudi, de deux conventions de coop\u00e9ration avec le avec O.M. Kane, ministre des affaires \u00e9conomiques et de la promotion des secteurs productifs.<br \/>\nL\u2019h\u00f4te fran\u00e7ais prendra \u00e9galement part, jeudi soir, au forum sur l\u2019entreprenariat f\u00e9minin, avant de visiter vendredi la ceinture verte de Nouakchott d\u00e9pendant de la Grande Muraille Verte.<br \/>\nAux commandes de la direction de l\u2019Agence fran\u00e7aise de d\u00e9veloppement, depuis 2016, R. Rioux, pr\u00e9sent\u00e9 comme acteur de &#8220;nouvelle relation entre la France et l\u2019Afrique&#8221;, avait \u00e9t\u00e9 reconduit dans ses fonctions pour un nouveau mandat. Il fait aussi office de pr\u00e9sident de l\u2019International Development Finance Club (IDFC), un groupe qui rassemble les 26 plus grandes banques de d\u00e9veloppement nationales et r\u00e9gionales du monde.<br \/>\nL&#8217;AFD, rappelle-t-on, finance depuis 40 ans maintenant un portefeuille de projets vari\u00e9s en Mauritanie pour un co\u00fbt estim\u00e9 en 2019 \u00e0 plus de 45 millions d&#8217;euros. Elle participe \u00e9galement au financement des activit\u00e9s de d\u00e9veloppement dans le cadre du G5 Sahel.<\/p>\n","protected":false},"excerpt":{"rendered":"<p>Le DG de l\u2019Agence fran\u00e7aise de d\u00e9veloppement (AFD), R\u00e9my Rioux, est annonc\u00e9 jeudi \u00e0 Nouakchott pour une visite de travail de 48 heures, apprend-on de source de l\u2019ambassade de France en Mauritanie. Le programme de cette visite sera marqu\u00e9 par plusieurs activit\u00e9s autour des r\u00e9alisations de l\u2019AFD en Mauritanie. Il est aussi question, dans ce &hellip;<\/p>\n","protected":false},"author":2,"featured_media":4967,"comment_status":"open","ping_status":"open","sticky":false,"template":"","format":"standard","meta":{"footnotes":""},"categories":[18,2],"tags":[],"class_list":["post-4964","post","type-post","status-publish","format-standard","has-post-thumbnail","hentry","category-actualites","category-economie"],"_links":{"self":[{"href":"https:\/\/ladepeche.mr\/index.php?rest_route=\/wp\/v2\/posts\/4964","targetHints":{"allow":["GET"]}}],"collection":[{"href":"https:\/\/ladepeche.mr\/index.php?rest_route=\/wp\/v2\/posts"}],"about":[{"href":"https:\/\/ladepeche.mr\/index.php?rest_route=\/wp\/v2\/types\/post"}],"author":[{"embeddable":true,"href":"https:\/\/ladepeche.mr\/index.php?rest_route=\/wp\/v2\/users\/2"}],"replies":[{"embeddable":true,"href":"https:\/\/ladepeche.mr\/index.php?rest_route=%2Fwp%2Fv2%2Fcomments&post=4964"}],"version-history":[{"count":1,"href":"https:\/\/ladepeche.mr\/index.php?rest_route=\/wp\/v2\/posts\/4964\/revisions"}],"predecessor-version":[{"id":4966,"href":"https:\/\/ladepeche.mr\/index.php?rest_route=\/wp\/v2\/posts\/4964\/revisions\/4966"}],"wp:featuredmedia":[{"embeddable":true,"href":"https:\/\/ladepeche.mr\/index.php?rest_route=\/wp\/v2\/media\/4967"}],"wp:attachment":[{"href":"https:\/\/ladepeche.mr\/index.php?rest_route=%2Fwp%2Fv2%2Fmedia&parent=4964"}],"wp:term":[{"taxonomy":"category","embeddable":true,"href":"https:\/\/ladepeche.mr\/index.php?rest_route=%2Fwp%2Fv2%2Fcategories&post=4964"},{"taxonomy":"post_tag","embeddable":true,"href":"https:\/\/ladepeche.mr\/index.php?rest_route=%2Fwp%2Fv2%2Ftags&post=4964"}],"curies":[{"name":"wp","href":"https:\/\/api.w.org\/{rel}","templated":true}]}}