{"id":4968,"date":"2023-03-29T23:54:27","date_gmt":"2023-03-29T23:54:27","guid":{"rendered":"https:\/\/ladepeche.mr\/?p=4968"},"modified":"2023-03-29T23:54:27","modified_gmt":"2023-03-29T23:54:27","slug":"au-conseil-des-ministres-creation-dun-etablissement-public-denomme-agence-judiciaire-de-letat","status":"publish","type":"post","link":"https:\/\/ladepeche.mr\/?p=4968","title":{"rendered":"Au Conseil des ministres : Cr\u00e9ation d\u2019un \u00e9tablissement public d\u00e9nomm\u00e9 \u201dAgence Judiciaire de l\u2019\u00c9tat\u201d"},"content":{"rendered":"<p>Le Conseil des ministres s\u2019est r\u00e9uni le mercredi 29 mars 2023, sous la pr\u00e9sidence de Son Excellence Monsieur le Pr\u00e9sident de la R\u00e9publique, Mohamed Ould Cheikh El Ghazouani.<\/p>\n<p>Le Conseil a examin\u00e9 et approuv\u00e9 le projet de loi abrogeant et rempla\u00e7ant la loi n\u00b0 2013-001 du 2 janvier 2013 portant cr\u00e9ation de la Zone Franche de Nouadhibou.<\/p>\n<p>Le projet de loi actuel s\u2019accompagne d\u2019une vision alternative qui peut encourager le d\u00e9veloppement de la r\u00e9gion compte tenu de ses capacit\u00e9s, et qui peut stimuler la croissance en \u00e9tablissant une zone franche industrielle orient\u00e9e vers l\u2019exportation et exclusivement d\u00e9di\u00e9e aux produits manufactur\u00e9s.<\/p>\n<p>Cette zone sera pens\u00e9e comme un espace de taille relativement restreinte, rigoureusement d\u00e9limit\u00e9e, co\u00efncidant avec les zones d\u2019activit\u00e9s. A cet effet, la proposition de r\u00e9vision porte sur les points suivants :<\/p>\n<p>\u2010 L\u2019All\u00e8gement de la loi en la limitant aux principes g\u00e9n\u00e9raux ;<\/p>\n<p>\u2010 La r\u00e9vision des attributions de l\u2019Administration de la Zone qui seront fix\u00e9es par voie r\u00e8glementaire ;<\/p>\n<p>\u2010 La d\u00e9limitation de l\u2019espace g\u00e9ographique de la Zone;<\/p>\n<p>\u2010 La r\u00e9vision du r\u00e9gime fiscal tout en restant attractif pour les investisseurs \u00e9trangers, etc.<\/p>\n<p>Le Conseil a examin\u00e9 et adopt\u00e9 les deux projets de d\u00e9crets suivants :<\/p>\n<p>\u2010 Projet de d\u00e9cret portant cr\u00e9ation, organisation et fonctionnement d\u2019un \u00e9tablissement public \u00e0 caract\u00e8re administratif d\u00e9nomm\u00e9 \u00ab Agence Judiciaire de l\u2019\u00c9tat (AJE) \u00bb.<\/p>\n<p>Ce projet de d\u00e9cret vise \u00e0 dresser une cartographie des risques financiers et \u00e0 adopter une strat\u00e9gie claire et unifi\u00e9e pour leur pr\u00e9vention et leur gestion et l\u2019\u00e9valuation de leurs impacts financiers. Il vise, entre autres, les activit\u00e9s suivantes :<\/p>\n<p>\u2010 Centraliser et g\u00e9rer les contentieux de l\u2019\u00c9tat ;<\/p>\n<p>\u2010 Contr\u00f4ler et suivre les proc\u00e9dures ;<\/p>\n<p>\u2010 Coordonner le travail des avocats engag\u00e9s dans la d\u00e9fense des int\u00e9r\u00eats de l\u2019\u00c9tat devant les tribunaux, et assurer la protection des int\u00e9r\u00eats de l\u2019\u00c9tat et la pr\u00e9servation des deniers publics<\/p>\n<p>\u2010 Conseil et assistance aux administrations centrales, aux collectivit\u00e9s territoriales et \u00e0 leurs subdivisions dans la pr\u00e9paration des proc\u00e9dures judiciaires \u00e0 caract\u00e8re financier et dans le traitement de toutes les questions juridiques y aff\u00e9rentes.<\/p>\n<p>\u2010 Projet de d\u00e9cret portant cr\u00e9ation et organisation d\u2019un \u00e9tablissement public \u00e0 caract\u00e8re administratif d\u00e9nomm\u00e9 \u00ab Centre de Formation pour l\u2019Autonomisation de la Femme \u00bb.<\/p>\n<p>L\u2019expansion des activit\u00e9s du centre ces derni\u00e8res ann\u00e9es a conduit \u00e0 l\u2019ouverture de plusieurs branches de formation dans certaines Moughataas, ainsi qu\u2019\u00e0 la collaboration avec les partenaires pour d\u00e9velopper et diversifier ses activit\u00e9s conform\u00e9ment aux besoins du march\u00e9 de l\u2019emploi.<\/p>\n<p>Dans ce cadre, ce projet de d\u00e9cret vise \u00e0 atteindre les objectifs suivants :<\/p>\n<p>\u2010 R\u00e9organiser le centre en \u00e9tablissement public \u00e0 caract\u00e8re administratif d\u00e9nomm\u00e9 \u00ab Centre de Formation pour l\u2019Autonomisation de la Femme \u00bb ;<\/p>\n<p>\u2010 Adapter la mission du nouvel \u00e9tablissement avec les dispositions l\u00e9gislatives et r\u00e8glementaires en mati\u00e8re de promotion et d\u2019autonomisation de la femme ;<\/p>\n<p>Le ministre des Affaires \u00c9trang\u00e8res, de la Coop\u00e9ration et des Mauritaniens de l\u2019Ext\u00e9rieur a pr\u00e9sent\u00e9 une communication relative \u00e0 la situation internationale.<\/p>\n<p>Le ministre de l\u2019Int\u00e9rieur et de la D\u00e9centralisation a pr\u00e9sent\u00e9 une communication relative \u00e0 la situation int\u00e9rieure.<\/p>\n<p>Le ministre des Affaires Islamiques et de l\u2019Enseignement Originel pr\u00e9sent\u00e9 une communication relative \u00e0 l\u2019organisation du Hadj 2023 (1444).<\/p>\n<p>Cette communication porte sur les mesures prises par le Gouvernement tendant \u00e0 une meilleure organisation du Hadj 1444\/2023.<\/p>\n<p>\u2010 Concernant les pr\u00e9paratifs du voyage, un protocole d\u2019accord a \u00e9t\u00e9 sign\u00e9 avec le minist\u00e8re saoudien du Haj et le minist\u00e8re des Affaires Islamiques et de l\u2019Enseignement Originel, fixant le quota de la Mauritanie \u00e0 3.500 p\u00e8lerins ;<\/p>\n<p>\u2010 Par ailleurs, l\u2019accord conclu avec la Compagnie Saoudienne NASS permet de r\u00e9duire les d\u00e9lais d\u2019attente \u00e0 l\u2019all\u00e9e comme au retour,<\/p>\n<p>\u2010 Enfin, les conditions de s\u00e9jour des p\u00e8lerins dans les lieux saints connaitront une nette am\u00e9lioration.<\/p>\n<p>Enfin, le Conseil a pris les mesures individuelles suivantes :<\/p>\n<p>Minist\u00e8re des Finances<\/p>\n<p>Administration Centrale<\/p>\n<p>Direction G\u00e9n\u00e9rale du Tr\u00e9sor et de la Comptabilit\u00e9 Publique<\/p>\n<p>Directrice G\u00e9n\u00e9rale Adjointe<\/p>\n<p>\u2010 Roughaya Mint Mouhamed Saleh, Administrateur des R\u00e9gies Financi\u00e8res, Pr\u00e9c\u00e9demment Directrice G\u00e9n\u00e9rale Adjointe des Imp\u00f4ts en remplacement de Fatimetou Mint Mohamed Yahya appel\u00e9e \u00e0 d\u2019autres fonctions.<\/p>\n<p>Direction G\u00e9n\u00e9rale des Imp\u00f4ts<\/p>\n<p>\u2010 Directeur G\u00e9n\u00e9ral Adjoint : Zakaria DIARRA, Inspecteur du cadastre, pr\u00e9c\u00e9demment Directeur des Entit\u00e9s Publiques.<br \/>\nAmi<\/p>\n","protected":false},"excerpt":{"rendered":"<p>Le Conseil des ministres s\u2019est r\u00e9uni le mercredi 29 mars 2023, sous la pr\u00e9sidence de Son Excellence Monsieur le Pr\u00e9sident de la R\u00e9publique, Mohamed Ould Cheikh El Ghazouani. Le Conseil a examin\u00e9 et approuv\u00e9 le projet de loi abrogeant et rempla\u00e7ant la loi n\u00b0 2013-001 du 2 janvier 2013 portant cr\u00e9ation de la Zone Franche &hellip;<\/p>\n","protected":false},"author":2,"featured_media":4969,"comment_status":"open","ping_status":"open","sticky":false,"template":"","format":"standard","meta":{"footnotes":""},"categories":[18],"tags":[],"class_list":["post-4968","post","type-post","status-publish","format-standard","has-post-thumbnail","hentry","category-actualites"],"_links":{"self":[{"href":"https:\/\/ladepeche.mr\/index.php?rest_route=\/wp\/v2\/posts\/4968","targetHints":{"allow":["GET"]}}],"collection":[{"href":"https:\/\/ladepeche.mr\/index.php?rest_route=\/wp\/v2\/posts"}],"about":[{"href":"https:\/\/ladepeche.mr\/index.php?rest_route=\/wp\/v2\/types\/post"}],"author":[{"embeddable":true,"href":"https:\/\/ladepeche.mr\/index.php?rest_route=\/wp\/v2\/users\/2"}],"replies":[{"embeddable":true,"href":"https:\/\/ladepeche.mr\/index.php?rest_route=%2Fwp%2Fv2%2Fcomments&post=4968"}],"version-history":[{"count":1,"href":"https:\/\/ladepeche.mr\/index.php?rest_route=\/wp\/v2\/posts\/4968\/revisions"}],"predecessor-version":[{"id":4970,"href":"https:\/\/ladepeche.mr\/index.php?rest_route=\/wp\/v2\/posts\/4968\/revisions\/4970"}],"wp:featuredmedia":[{"embeddable":true,"href":"https:\/\/ladepeche.mr\/index.php?rest_route=\/wp\/v2\/media\/4969"}],"wp:attachment":[{"href":"https:\/\/ladepeche.mr\/index.php?rest_route=%2Fwp%2Fv2%2Fmedia&parent=4968"}],"wp:term":[{"taxonomy":"category","embeddable":true,"href":"https:\/\/ladepeche.mr\/index.php?rest_route=%2Fwp%2Fv2%2Fcategories&post=4968"},{"taxonomy":"post_tag","embeddable":true,"href":"https:\/\/ladepeche.mr\/index.php?rest_route=%2Fwp%2Fv2%2Ftags&post=4968"}],"curies":[{"name":"wp","href":"https:\/\/api.w.org\/{rel}","templated":true}]}}