{"id":4971,"date":"2023-03-30T01:30:19","date_gmt":"2023-03-30T01:30:19","guid":{"rendered":"https:\/\/ladepeche.mr\/?p=4971"},"modified":"2023-03-29T23:57:22","modified_gmt":"2023-03-29T23:57:22","slug":"la-cour-dappel-rejette-le-recours-de-la-defense-daziz-sur-la-liberte-provisoire","status":"publish","type":"post","link":"https:\/\/ladepeche.mr\/?p=4971","title":{"rendered":"La Cour d\u2019Appel rejette le recours de la d\u00e9fense d\u2019Aziz sur la libert\u00e9 provisoire"},"content":{"rendered":"<p>La cour d\u2019appel de Nouakchott a rejet\u00e9, au cours d\u2019une s\u00e9ance tenue ce mercredi 29 mars courant, le recours introduit par le collectif de d\u00e9fense de l\u2019ancien pr\u00e9sident Mohamed Ould El Aziz contre la d\u00e9cision du tribunal sp\u00e9cialis\u00e9 dans les crimes de corruption et relatif \u00e0 la demande de lui accorder une libert\u00e9 provisoire.<\/p>\n<p>Le tribunal a accept\u00e9 le recours dans sa forme, mais l\u2019a rejet\u00e9 sur le fond, confirmant le la d\u00e9cision du tribunal anti- corruption rejetant la libert\u00e9 temporaire \u00e0 Mohamed Ould Abdel Aziz.<\/p>\n<p>Ledit tribunal avait tenu hier une audience, au cours de laquelle, il a entendu les plaidoiries de l\u2019avocat de la d\u00e9fense de l\u2019ancien pr\u00e9sident, avant de reporter l\u2019audience en d\u00e9lib\u00e9r\u00e9, en entendant de de faire connaitre sa d\u00e9cision sur ledit recours aujourd\u2019hui mercredi.<\/p>\n<p>senealiou via cridem<\/p>\n","protected":false},"excerpt":{"rendered":"<p>La cour d\u2019appel de Nouakchott a rejet\u00e9, au cours d\u2019une s\u00e9ance tenue ce mercredi 29 mars courant, le recours introduit par le collectif de d\u00e9fense de l\u2019ancien pr\u00e9sident Mohamed Ould El Aziz contre la d\u00e9cision du tribunal sp\u00e9cialis\u00e9 dans les crimes de corruption et relatif \u00e0 la demande de lui accorder une libert\u00e9 provisoire. Le &hellip;<\/p>\n","protected":false},"author":2,"featured_media":1755,"comment_status":"open","ping_status":"open","sticky":false,"template":"","format":"standard","meta":{"footnotes":""},"categories":[18],"tags":[],"class_list":["post-4971","post","type-post","status-publish","format-standard","has-post-thumbnail","hentry","category-actualites"],"_links":{"self":[{"href":"https:\/\/ladepeche.mr\/index.php?rest_route=\/wp\/v2\/posts\/4971","targetHints":{"allow":["GET"]}}],"collection":[{"href":"https:\/\/ladepeche.mr\/index.php?rest_route=\/wp\/v2\/posts"}],"about":[{"href":"https:\/\/ladepeche.mr\/index.php?rest_route=\/wp\/v2\/types\/post"}],"author":[{"embeddable":true,"href":"https:\/\/ladepeche.mr\/index.php?rest_route=\/wp\/v2\/users\/2"}],"replies":[{"embeddable":true,"href":"https:\/\/ladepeche.mr\/index.php?rest_route=%2Fwp%2Fv2%2Fcomments&post=4971"}],"version-history":[{"count":1,"href":"https:\/\/ladepeche.mr\/index.php?rest_route=\/wp\/v2\/posts\/4971\/revisions"}],"predecessor-version":[{"id":4972,"href":"https:\/\/ladepeche.mr\/index.php?rest_route=\/wp\/v2\/posts\/4971\/revisions\/4972"}],"wp:featuredmedia":[{"embeddable":true,"href":"https:\/\/ladepeche.mr\/index.php?rest_route=\/wp\/v2\/media\/1755"}],"wp:attachment":[{"href":"https:\/\/ladepeche.mr\/index.php?rest_route=%2Fwp%2Fv2%2Fmedia&parent=4971"}],"wp:term":[{"taxonomy":"category","embeddable":true,"href":"https:\/\/ladepeche.mr\/index.php?rest_route=%2Fwp%2Fv2%2Fcategories&post=4971"},{"taxonomy":"post_tag","embeddable":true,"href":"https:\/\/ladepeche.mr\/index.php?rest_route=%2Fwp%2Fv2%2Ftags&post=4971"}],"curies":[{"name":"wp","href":"https:\/\/api.w.org\/{rel}","templated":true}]}}