{"id":4973,"date":"2023-03-30T15:18:15","date_gmt":"2023-03-30T15:18:15","guid":{"rendered":"https:\/\/ladepeche.mr\/?p=4973"},"modified":"2023-03-30T15:18:15","modified_gmt":"2023-03-30T15:18:15","slug":"le-mouvement-engages-pour-une-mauritanie-emuee-emu-communique","status":"publish","type":"post","link":"https:\/\/ladepeche.mr\/?p=4973","title":{"rendered":"Le Mouvement Engag\u00e9s pour une Mauritanie EmueE (EMU) : Communiqu\u00e9"},"content":{"rendered":"<p>Comme \u00e0 son habitude, la justice n&#8217;a pas accord\u00e9 la libert\u00e9 provisoire \u00e0 l&#8217;ancien pr\u00e9sident. Toutes les requ\u00eates allant dans ce sens ont \u00e9t\u00e9 refus\u00e9es. Pourtant, l&#8217;\u00e9tat de sant\u00e9 de l&#8217;ex-chef d&#8217;\u00c9tat n\u00e9cessite un suivi rigoureux. <\/p>\n<p>La d\u00e9t\u00e9rioration de sa sant\u00e9 est en rapport avec sa d\u00e9tention depuis le d\u00e9but de ce feuilleton judiciaire \u00e0 qui n&#8217;a d&#8217;autre but que de porter atteinte \u00e0 l&#8217;homme et au symbole. <\/p>\n<p>D&#8217;o\u00f9 la dimension politique de cette pers\u00e9cution qui ne dit pas son nom. Si bien que le combat ne se situe gu\u00e8re sur le terrain du droit, juridique, mais plut\u00f4t ailleurs. <\/p>\n<p>Cela est si clair que, chaque fois que toutes les requ\u00eates relatives aux droits civiques de l&#8217;ancien pr\u00e9sident re\u00e7oivent invariablement la m\u00eame r\u00e9ponse immuable: un niet cat\u00e9gorique. Le bien-fond\u00e9 juridique, le rapport de causalit\u00e9, l&#8217;argumentation technique, l&#8217;aspect humain, pas m\u00eame le timing: le mois b\u00e9ni de Ramadan. Rien n&#8217;y fait. <\/p>\n<p>Tout cela est \u00e9cart\u00e9 par la machine judiciaire qui semble vouloir \u00e9craser de tout son poids un homme dont la seule faute est de vouloir exercer ses droits civiques. <\/p>\n<p>Son droit \u00e0 exprimer son avis sur la situation du pays, son droit \u00e0 critiquer le r\u00e9gime face au d\u00e9litement de la situation. Son droit \u00e0 mettre le doigt sur le mal qui gangr\u00e8ne le pays: injustice, marginalisation, exclusion, n\u00e9potisme, client\u00e9lisme, gabegie.<\/p>\n<p>S&#8217;y greffent le monolithisme et la mise \u00e0 l&#8217;\u00e9cart de l&#8217;opposition. Celle-ci \u00e0 \u00e9t\u00e9 r\u00e9duite \u00e0 sa portion la plus congrue. Elle n&#8217;existe plus. <\/p>\n<p>Par cons\u00e9quent, toutes les voix discordantes sont r\u00e9duites au silence. <\/p>\n<p>C&#8217;est donc sans surprise que le Mouvement ENGAG\u00c9S POUR UNE MAURITANIE UNIE apprend le refus de la Cour d&#8217;Appel de Nouakchott Ouest d&#8217;accorder la libert\u00e9 provisoire \u00e0 l&#8217;ancien pr\u00e9sident. La conspiration se poursuit. <\/p>\n<p>Au grand dam de tous les militants de la libert\u00e9, des droits de l&#8217;homme et des esprits ind\u00e9pendants. <\/p>\n<p>EMU appelle toutes les personnes de bonnes foi, activistes, organisations de droits de l&#8217;homme, ainsi que la soci\u00e9t\u00e9 civile, tant en Mauritanie qu&#8217;\u00e0 l&#8217;\u00e9chelle internationale, \u00e0 r\u00e9agir face l&#8217;escalade \u00e0 l&#8217;encontre de l&#8217;ancien pr\u00e9sident Mohamed Ould Abdel Aziz. <\/p>\n<p>EMU attire l&#8217;attention de l&#8217;opinion publique nationale et internationale sur cet \u00e9tat de fait pour y mettre fin.<\/p>\n<p>Coordination g\u00e9n\u00e9rale EMU \u00e0 l&#8217;etranger <\/p>\n","protected":false},"excerpt":{"rendered":"<p>Comme \u00e0 son habitude, la justice n&#8217;a pas accord\u00e9 la libert\u00e9 provisoire \u00e0 l&#8217;ancien pr\u00e9sident. Toutes les requ\u00eates allant dans ce sens ont \u00e9t\u00e9 refus\u00e9es. Pourtant, l&#8217;\u00e9tat de sant\u00e9 de l&#8217;ex-chef d&#8217;\u00c9tat n\u00e9cessite un suivi rigoureux. La d\u00e9t\u00e9rioration de sa sant\u00e9 est en rapport avec sa d\u00e9tention depuis le d\u00e9but de ce feuilleton judiciaire \u00e0 &hellip;<\/p>\n","protected":false},"author":2,"featured_media":3708,"comment_status":"open","ping_status":"open","sticky":false,"template":"","format":"standard","meta":{"footnotes":""},"categories":[18],"tags":[],"class_list":["post-4973","post","type-post","status-publish","format-standard","has-post-thumbnail","hentry","category-actualites"],"_links":{"self":[{"href":"https:\/\/ladepeche.mr\/index.php?rest_route=\/wp\/v2\/posts\/4973","targetHints":{"allow":["GET"]}}],"collection":[{"href":"https:\/\/ladepeche.mr\/index.php?rest_route=\/wp\/v2\/posts"}],"about":[{"href":"https:\/\/ladepeche.mr\/index.php?rest_route=\/wp\/v2\/types\/post"}],"author":[{"embeddable":true,"href":"https:\/\/ladepeche.mr\/index.php?rest_route=\/wp\/v2\/users\/2"}],"replies":[{"embeddable":true,"href":"https:\/\/ladepeche.mr\/index.php?rest_route=%2Fwp%2Fv2%2Fcomments&post=4973"}],"version-history":[{"count":1,"href":"https:\/\/ladepeche.mr\/index.php?rest_route=\/wp\/v2\/posts\/4973\/revisions"}],"predecessor-version":[{"id":4974,"href":"https:\/\/ladepeche.mr\/index.php?rest_route=\/wp\/v2\/posts\/4973\/revisions\/4974"}],"wp:featuredmedia":[{"embeddable":true,"href":"https:\/\/ladepeche.mr\/index.php?rest_route=\/wp\/v2\/media\/3708"}],"wp:attachment":[{"href":"https:\/\/ladepeche.mr\/index.php?rest_route=%2Fwp%2Fv2%2Fmedia&parent=4973"}],"wp:term":[{"taxonomy":"category","embeddable":true,"href":"https:\/\/ladepeche.mr\/index.php?rest_route=%2Fwp%2Fv2%2Fcategories&post=4973"},{"taxonomy":"post_tag","embeddable":true,"href":"https:\/\/ladepeche.mr\/index.php?rest_route=%2Fwp%2Fv2%2Ftags&post=4973"}],"curies":[{"name":"wp","href":"https:\/\/api.w.org\/{rel}","templated":true}]}}