{"id":4980,"date":"2023-03-30T17:10:38","date_gmt":"2023-03-30T17:10:38","guid":{"rendered":"https:\/\/ladepeche.mr\/?p=4980"},"modified":"2023-03-30T17:10:38","modified_gmt":"2023-03-30T17:10:38","slug":"mourabitounes-vs-rdc-larbitrage-mis-en-doute","status":"publish","type":"post","link":"https:\/\/ladepeche.mr\/?p=4980","title":{"rendered":"\u00abMourabitounes \u00bb Vs RDC : L&#8217;arbitrage mis en doute"},"content":{"rendered":"<p>\u00abCarton rouge \u00bb s\u00e9v\u00e8re contre Bakumbu, \u00abdes fautes imaginaires, trop s\u00e9v\u00e8re \u00e0 l\u2019endroit des Congolais \u00bb, \u00ab la prestation pi\u00e8tre du trio arbitral \u00bb, \u00abKamikaze\u00bb, la RDC, frustr\u00e9e, dig\u00e8re mal le match nul obtenu \u00e0, Nouakchott (1-1) lors de la quatri\u00e8me journ\u00e9e des \u00e9liminatoires de la CAN C\u00f4te d\u2019Ivoire 2023 face aux \u00ab Mourabitounes\u00bb.<br \/>\n\u00abMediacongo.net \u00bb puisque c\u2019est lui dont il s\u2019agit dans cette cabale contre l\u2019arbitrage du quatuor tunisien emmen\u00e9 par Sadek Selmi enfonce le clou indiquant que les supporters \u00e9pingle \u00abce mauvais comportement des hommes en noire du match entre les l\u00e9opards et les Mauritaniens&#8221; et &#8220;met en cause le travail de la commission sp\u00e9cialis\u00e9e \u00e0 ce genre de choix, mais surtout les r\u00e9formes amorc\u00e9es par la FIFA pour la relance du football en Afrique\u00bb. L&#8217;arbitre tunisien \u00e9tait assist\u00e9 par ses compatriotes Khalil Hassani, Mohamed Bakir et Na\u00efm Hosni.<br \/>\nLe m\u00e9dia qui rappelle que la commission d\u2019arbitrage est dirig\u00e9e par l\u2019ancien arbitre s\u00e9n\u00e9galais, Badara Mamaya S\u00e8ne, tente aussi de lier les mauvaises performances des arbitres africains par le fait qu\u2019ils \u00ab ne sont pas d\u00e9sign\u00e9s dans des comp\u00e9titions de grande envergure \u00e0 l\u2019instar de la coupe du monde \u00bb.<br \/>\nLes remontrances port\u00e9es, via mediacongo.net, cachent mal des accusations d\u00e9j\u00e0 rest\u00e9es sur les l\u00e8vres. <\/p>\n","protected":false},"excerpt":{"rendered":"<p>\u00abCarton rouge \u00bb s\u00e9v\u00e8re contre Bakumbu, \u00abdes fautes imaginaires, trop s\u00e9v\u00e8re \u00e0 l\u2019endroit des Congolais \u00bb, \u00ab la prestation pi\u00e8tre du trio arbitral \u00bb, \u00abKamikaze\u00bb, la RDC, frustr\u00e9e, dig\u00e8re mal le match nul obtenu \u00e0, Nouakchott (1-1) lors de la quatri\u00e8me journ\u00e9e des \u00e9liminatoires de la CAN C\u00f4te d\u2019Ivoire 2023 face aux \u00ab Mourabitounes\u00bb. \u00abMediacongo.net &hellip;<\/p>\n","protected":false},"author":2,"featured_media":4981,"comment_status":"open","ping_status":"open","sticky":false,"template":"","format":"standard","meta":{"footnotes":""},"categories":[18,17],"tags":[],"class_list":["post-4980","post","type-post","status-publish","format-standard","has-post-thumbnail","hentry","category-actualites","category-sports"],"_links":{"self":[{"href":"https:\/\/ladepeche.mr\/index.php?rest_route=\/wp\/v2\/posts\/4980","targetHints":{"allow":["GET"]}}],"collection":[{"href":"https:\/\/ladepeche.mr\/index.php?rest_route=\/wp\/v2\/posts"}],"about":[{"href":"https:\/\/ladepeche.mr\/index.php?rest_route=\/wp\/v2\/types\/post"}],"author":[{"embeddable":true,"href":"https:\/\/ladepeche.mr\/index.php?rest_route=\/wp\/v2\/users\/2"}],"replies":[{"embeddable":true,"href":"https:\/\/ladepeche.mr\/index.php?rest_route=%2Fwp%2Fv2%2Fcomments&post=4980"}],"version-history":[{"count":1,"href":"https:\/\/ladepeche.mr\/index.php?rest_route=\/wp\/v2\/posts\/4980\/revisions"}],"predecessor-version":[{"id":4982,"href":"https:\/\/ladepeche.mr\/index.php?rest_route=\/wp\/v2\/posts\/4980\/revisions\/4982"}],"wp:featuredmedia":[{"embeddable":true,"href":"https:\/\/ladepeche.mr\/index.php?rest_route=\/wp\/v2\/media\/4981"}],"wp:attachment":[{"href":"https:\/\/ladepeche.mr\/index.php?rest_route=%2Fwp%2Fv2%2Fmedia&parent=4980"}],"wp:term":[{"taxonomy":"category","embeddable":true,"href":"https:\/\/ladepeche.mr\/index.php?rest_route=%2Fwp%2Fv2%2Fcategories&post=4980"},{"taxonomy":"post_tag","embeddable":true,"href":"https:\/\/ladepeche.mr\/index.php?rest_route=%2Fwp%2Fv2%2Ftags&post=4980"}],"curies":[{"name":"wp","href":"https:\/\/api.w.org\/{rel}","templated":true}]}}